{"id":191010,"date":"2021-11-12T19:43:21","date_gmt":"2021-11-12T22:43:21","guid":{"rendered":"https:\/\/diarioregionaldigital.com.br\/?p=191010"},"modified":"2021-11-12T19:43:21","modified_gmt":"2021-11-12T22:43:21","slug":"cemig-apresenta-resultados-do-3o-trimestre-com-r-14-bilhao-investido-em-minas","status":"publish","type":"post","link":"https:\/\/diarioregionaldigital.com.br\/?p=191010","title":{"rendered":"Cemig apresenta resultados do 3\u00ba trimestre com R$ 1,4 bilh\u00e3o investido em Minas"},"content":{"rendered":"<p>Realizando o maior Plano de Investimentos de sua hist\u00f3ria, a\u00a0<a href=\"https:\/\/www.cemig.com.br\/\">Cemig<\/a>\u00a0j\u00e1 aplicou, nos nove primeiros meses deste ano, R$1,4 bilh\u00e3o na moderniza\u00e7\u00e3o da rede de distribui\u00e7\u00e3o, em melhorias na \u00e1rea de transmiss\u00e3o e na amplia\u00e7\u00e3o do parque gerador, al\u00e9m de outros aportes para projetos de g\u00e1s natural e gera\u00e7\u00e3o distribu\u00edda. At\u00e9 2025, a empresa investir\u00e1 R$22,5 bilh\u00f5es em Minas Gerais.<\/p>\n<p dir=\"ltr\">\u201cEncerramos setembro com investimentos totais de R$ 1,4 bilh\u00e3o. Desses, R$ 1,1 bilh\u00e3o foi direcionado \u00e0 distribui\u00e7\u00e3o, com foco na manuten\u00e7\u00e3o e na moderniza\u00e7\u00e3o, garantindo estabilidade e confiabilidade no sistema el\u00e9trico e mantendo a qualidade, com o menor tempo m\u00e9dio de interrup\u00e7\u00f5es no fornecimento de energia da hist\u00f3ria da Cemig. Mantemos nosso compromisso de investir R$ 22,5 bilh\u00f5es at\u00e9 2025, transformando vidas com a nossa energia\u201d, detalha o diretor-presidente da Cemig, Reynaldo Passanezi Filho.<\/p>\n<p dir=\"ltr\"><strong>Programas<\/strong><\/p>\n<p dir=\"ltr\">Est\u00e1 inclu\u00eddo nos investimentos da companhia o programa Mais Energia, anunciado em setembro. A iniciativa prev\u00ea a amplia\u00e7\u00e3o do n\u00famero de subesta\u00e7\u00f5es no estado de 415 para 615. As entregas v\u00e3o garantir a amplia\u00e7\u00e3o do fornecimento de energia para novas cargas e melhorar a confiabilidade do sistema el\u00e9trico para a popula\u00e7\u00e3o, possibilitando a gera\u00e7\u00e3o de emprego e renda em todas as regi\u00f5es de Minas Gerais.<\/p>\n<p dir=\"ltr\">\u201cAtualmente, 30% das subesta\u00e7\u00f5es da Cemig possuem restri\u00e7\u00e3o de cargas. Com as novas estruturas, a previs\u00e3o \u00e9 de que este n\u00famero seja zerado at\u00e9 2027, acabando com a demanda reprimida por energia em Minas Gerais. Isso porque haver\u00e1 a inje\u00e7\u00e3o de aproximadamente 5 mil MVA (Mega VoltAmp\u00e9re) de pot\u00eancia no sistema el\u00e9trico, que corresponde a mais de 50% da atual capacidade instalada\u201d, explica o executivo.<\/p>\n<p dir=\"ltr\">A Cemig tamb\u00e9m investir\u00e1 no Minas Trif\u00e1sico, com a amplia\u00e7\u00e3o de 30 mil quil\u00f4metros de redes trif\u00e1sicas no interior mineiro.<\/p>\n<p dir=\"ltr\"><strong>Benef\u00edcio para o usu\u00e1rio<\/strong><\/p>\n<p dir=\"ltr\">Os investimentos realizados na rede de distribui\u00e7\u00e3o est\u00e3o impactando positivamente o fornecimento de energia para os mais de 8,7 milh\u00f5es de clientes da Cemig. O bom resultado pode ser verificado na melhoria cont\u00ednua do DECi &#8211; \u00edndice que mede a dura\u00e7\u00e3o equivalente, por consumidor, das interrup\u00e7\u00f5es de energia na rede da distribuidora. No per\u00edodo de outubro de 2020 a setembro de 2021, o \u00edndice foi de 9,46 horas, abaixo do registrado em 2020, de 9,57 horas, o menor da hist\u00f3ria da companhia.<\/p>\n<p dir=\"ltr\"><strong>Resultados financeiros\u00a0<\/strong><\/p>\n<p dir=\"ltr\">A Cemig registrou lucro l\u00edquido acumulado de R$ 2,8 bilh\u00f5es nos primeiros nove meses de 2021, um crescimento de 75,1% em rela\u00e7\u00e3o ao mesmo per\u00edodo do ano passado, que foi de R$ 1,6 bilh\u00e3o. O Lajida (lucro antes dos juros, impostos, deprecia\u00e7\u00e3o e amortiza\u00e7\u00e3o) aumentou 53,6%, atingindo R$ 6,3 bilh\u00f5es, em compara\u00e7\u00e3o a R$ 4,1 bilh\u00f5es nos nove primeiros meses de 2020.<\/p>\n<p dir=\"ltr\">\u201cOs resultados acontecem em um momento em que vemos a retomada da economia na nossa \u00e1rea de concess\u00e3o, o que, em conjunto com uma s\u00e9rie de iniciativas da companhia, impulsionou os resultados do per\u00edodo. Isso em mais um trimestre de diversos desafios para o setor, com a persist\u00eancia da crise h\u00eddrica e o aumento de custos, que demandou ainda mais efici\u00eancia do nosso time no gerenciamento correto dos riscos da nossa opera\u00e7\u00e3o\u201d, afirma o diretor-presidente da Cemig.<\/p>\n<p dir=\"ltr\">O desempenho da companhia levou \u00e0 melhoria do seu rating em todas as ag\u00eancias de avalia\u00e7\u00e3o de risco. A Cemig est\u00e1 pr\u00f3xima das notas m\u00e1ximas nas avalia\u00e7\u00f5es da Fitch Rating (AA+), S&amp;P Global (AA+) e Moody\u2019s (AA-).<\/p>\n<p dir=\"ltr\">\u201cA opera\u00e7\u00e3o de recompra dos bonds permitiu a redu\u00e7\u00e3o tanto da concentra\u00e7\u00e3o da d\u00edvida em 2024 como da exposi\u00e7\u00e3o cambial. A alavancagem, sob controle nos \u00faltimos dois anos, aliada \u00e0 melhora no desempenho operacional, levaram as principais ag\u00eancias a elevar os nossos ratings \u2013 e \u00e9 com prazer que reporto que temos hoje os melhores ratings de cr\u00e9dito da hist\u00f3ria da companhia. Mesmo com a recompra e o pagamento de dividendos, finalizamos o trimestre com s\u00f3lida posi\u00e7\u00e3o de caixa de R$ 3,8 bilh\u00f5es\u201d, destaca Passanezi.<\/p>\n<p><span style=\"font-weight: 400;\">Fonte: Ag\u00eancia Minas <\/span><\/p>\n","protected":false},"excerpt":{"rendered":"<p>Realizando o maior Plano de Investimentos de sua hist\u00f3ria, a\u00a0Cemig\u00a0j\u00e1 aplicou, nos nove primeiros meses deste ano, R$1,4 bilh\u00e3o na moderniza\u00e7\u00e3o da rede de distribui\u00e7\u00e3o, em melhorias na \u00e1rea de transmiss\u00e3o e na amplia\u00e7\u00e3o do parque gerador, al\u00e9m de outros aportes para projetos de g\u00e1s natural e gera\u00e7\u00e3o distribu\u00edda. At\u00e9 2025, a empresa investir\u00e1 R$22,5 [&hellip;]<\/p>\n","protected":false},"author":246,"featured_media":191011,"comment_status":"closed","ping_status":"closed","sticky":false,"template":"","format":"standard","meta":{"footnotes":""},"categories":[436,254,252],"tags":[],"class_list":["post-191010","post","type-post","status-publish","format-standard","has-post-thumbnail","hentry","category-destaque-da-semana","category-politica","category-regiao"],"_links":{"self":[{"href":"https:\/\/diarioregionaldigital.com.br\/index.php?rest_route=\/wp\/v2\/posts\/191010","targetHints":{"allow":["GET"]}}],"collection":[{"href":"https:\/\/diarioregionaldigital.com.br\/index.php?rest_route=\/wp\/v2\/posts"}],"about":[{"href":"https:\/\/diarioregionaldigital.com.br\/index.php?rest_route=\/wp\/v2\/types\/post"}],"author":[{"embeddable":true,"href":"https:\/\/diarioregionaldigital.com.br\/index.php?rest_route=\/wp\/v2\/users\/246"}],"replies":[{"embeddable":true,"href":"https:\/\/diarioregionaldigital.com.br\/index.php?rest_route=%2Fwp%2Fv2%2Fcomments&post=191010"}],"version-history":[{"count":1,"href":"https:\/\/diarioregionaldigital.com.br\/index.php?rest_route=\/wp\/v2\/posts\/191010\/revisions"}],"predecessor-version":[{"id":191012,"href":"https:\/\/diarioregionaldigital.com.br\/index.php?rest_route=\/wp\/v2\/posts\/191010\/revisions\/191012"}],"wp:featuredmedia":[{"embeddable":true,"href":"https:\/\/diarioregionaldigital.com.br\/index.php?rest_route=\/wp\/v2\/media\/191011"}],"wp:attachment":[{"href":"https:\/\/diarioregionaldigital.com.br\/index.php?rest_route=%2Fwp%2Fv2%2Fmedia&parent=191010"}],"wp:term":[{"taxonomy":"category","embeddable":true,"href":"https:\/\/diarioregionaldigital.com.br\/index.php?rest_route=%2Fwp%2Fv2%2Fcategories&post=191010"},{"taxonomy":"post_tag","embeddable":true,"href":"https:\/\/diarioregionaldigital.com.br\/index.php?rest_route=%2Fwp%2Fv2%2Ftags&post=191010"}],"curies":[{"name":"wp","href":"https:\/\/api.w.org\/{rel}","templated":true}]}}