{"id":191007,"date":"2021-11-12T19:41:12","date_gmt":"2021-11-12T22:41:12","guid":{"rendered":"https:\/\/diarioregionaldigital.com.br\/?p=191007"},"modified":"2021-11-12T19:41:12","modified_gmt":"2021-11-12T22:41:12","slug":"governador-em-exercicio-participa-de-cerimonia-de-inauguracao-da-nova-sede-do-batalhao-da-policia-de-choque","status":"publish","type":"post","link":"https:\/\/diarioregionaldigital.com.br\/?p=191007","title":{"rendered":"Governador em exerc\u00edcio participa de cerim\u00f4nia de inaugura\u00e7\u00e3o da nova sede do Batalh\u00e3o da Pol\u00edcia de Choque"},"content":{"rendered":"<p dir=\"ltr\">O governador em exerc\u00edcio Paulo Brant participou, nesta sexta-feira (12\/11), da cerim\u00f4nia de inaugura\u00e7\u00e3o da nova sede do Batalh\u00e3o da Pol\u00edcia de Choque da\u00a0<a href=\"https:\/\/www.policiamilitar.mg.gov.br\/\">Pol\u00edcia Militar de Minas Gerais (PMMG)<\/a>\u00a0e da formatura da 54\u00aa turma do curso Opera\u00e7\u00f5es de Controle de Dist\u00farbios 2021.<\/p>\n<p dir=\"ltr\">Paulo Brant, que foi escolhido paraninfo da turma, parabenizou os 40 militares formandos e destacou os esfor\u00e7os e os desafios da profiss\u00e3o. \u201cA atua\u00e7\u00e3o de voc\u00eas exige coragem, discernimento, equil\u00edbrio e conhecimento. A Pol\u00edcia Militar n\u00e3o \u00e9 uma institui\u00e7\u00e3o de Governo, \u00e9 uma institui\u00e7\u00e3o de Estado. Isso significa que a corpora\u00e7\u00e3o pertence \u00e0 sociedade mineira para preservar o Estado Democr\u00e1tico de Direito\u201d, disse.<\/p>\n<p dir=\"ltr\"><strong>T\u00e9cnica<\/strong><\/p>\n<p dir=\"ltr\">O chefe do Estado Maior, coronel Eduardo Felisberto Alves, enfatizou que para os militares do Batalh\u00e3o da Pol\u00edcia de Choque desempenharem corretamente suas fun\u00e7\u00f5es, eles precisam ser devidamente capacitados.<\/p>\n<p dir=\"ltr\">\u201cPertencer a este batalh\u00e3o \u00e9, acima de tudo, ser disciplinado. A Tropa de Choque trabalha com t\u00e9cnica e protocolo. Voc\u00eas saem daqui hoje cientes disso\u201d, afirmou.<\/p>\n<p dir=\"ltr\"><strong>Origem<\/strong><\/p>\n<p dir=\"ltr\">O Batalh\u00e3o da Pol\u00edcia de Choque \u00e9 uma unidade especial subordinada ao Comando de Policiamento Especializado (CPE) destinada a atuar em casos de graves perturba\u00e7\u00f5es da ordem, em ocorr\u00eancias que extrapolem a capacidade de atendimento pelas Unidades de Emprego Operacional (UEOp) e\/ou Regi\u00f5es de Pol\u00edcia Militar (RPM) ou exijam o emprego de t\u00e9cnicas especiais.<\/p>\n<p><span style=\"font-weight: 400;\"><br \/>\n<\/span><span style=\"font-weight: 400;\">Fonte: Ag\u00eancia Minas <\/span><\/p>\n","protected":false},"excerpt":{"rendered":"<p>O governador em exerc\u00edcio Paulo Brant participou, nesta sexta-feira (12\/11), da cerim\u00f4nia de inaugura\u00e7\u00e3o da nova sede do Batalh\u00e3o da Pol\u00edcia de Choque da\u00a0Pol\u00edcia Militar de Minas Gerais (PMMG)\u00a0e da formatura da 54\u00aa turma do curso Opera\u00e7\u00f5es de Controle de Dist\u00farbios 2021. Paulo Brant, que foi escolhido paraninfo da turma, parabenizou os 40 militares formandos [&hellip;]<\/p>\n","protected":false},"author":246,"featured_media":191008,"comment_status":"closed","ping_status":"closed","sticky":false,"template":"","format":"standard","meta":{"footnotes":""},"categories":[436,254,439],"tags":[],"class_list":["post-191007","post","type-post","status-publish","format-standard","has-post-thumbnail","hentry","category-destaque-da-semana","category-politica","category-ultima-hora"],"_links":{"self":[{"href":"https:\/\/diarioregionaldigital.com.br\/index.php?rest_route=\/wp\/v2\/posts\/191007","targetHints":{"allow":["GET"]}}],"collection":[{"href":"https:\/\/diarioregionaldigital.com.br\/index.php?rest_route=\/wp\/v2\/posts"}],"about":[{"href":"https:\/\/diarioregionaldigital.com.br\/index.php?rest_route=\/wp\/v2\/types\/post"}],"author":[{"embeddable":true,"href":"https:\/\/diarioregionaldigital.com.br\/index.php?rest_route=\/wp\/v2\/users\/246"}],"replies":[{"embeddable":true,"href":"https:\/\/diarioregionaldigital.com.br\/index.php?rest_route=%2Fwp%2Fv2%2Fcomments&post=191007"}],"version-history":[{"count":1,"href":"https:\/\/diarioregionaldigital.com.br\/index.php?rest_route=\/wp\/v2\/posts\/191007\/revisions"}],"predecessor-version":[{"id":191009,"href":"https:\/\/diarioregionaldigital.com.br\/index.php?rest_route=\/wp\/v2\/posts\/191007\/revisions\/191009"}],"wp:featuredmedia":[{"embeddable":true,"href":"https:\/\/diarioregionaldigital.com.br\/index.php?rest_route=\/wp\/v2\/media\/191008"}],"wp:attachment":[{"href":"https:\/\/diarioregionaldigital.com.br\/index.php?rest_route=%2Fwp%2Fv2%2Fmedia&parent=191007"}],"wp:term":[{"taxonomy":"category","embeddable":true,"href":"https:\/\/diarioregionaldigital.com.br\/index.php?rest_route=%2Fwp%2Fv2%2Fcategories&post=191007"},{"taxonomy":"post_tag","embeddable":true,"href":"https:\/\/diarioregionaldigital.com.br\/index.php?rest_route=%2Fwp%2Fv2%2Ftags&post=191007"}],"curies":[{"name":"wp","href":"https:\/\/api.w.org\/{rel}","templated":true}]}}