{"id":191004,"date":"2021-11-12T19:38:15","date_gmt":"2021-11-12T22:38:15","guid":{"rendered":"https:\/\/diarioregionaldigital.com.br\/?p=191004"},"modified":"2021-11-12T19:38:15","modified_gmt":"2021-11-12T22:38:15","slug":"missao-no-oriente-medio-consolida-minas-como-destino-de-grandes-investimentos-internacionais","status":"publish","type":"post","link":"https:\/\/diarioregionaldigital.com.br\/?p=191004","title":{"rendered":"Miss\u00e3o no Oriente M\u00e9dio consolida Minas como destino de grandes investimentos internacionais"},"content":{"rendered":"<p>O\u00a0<a href=\"https:\/\/www.mg.gov.br\/\" target=\"_blank\" rel=\"noopener\">Governo de Minas<\/a>, por meio da\u00a0<a href=\"http:\/\/www.desenvolvimento.mg.gov.br\/\" target=\"_blank\" rel=\"noopener\">Secretaria de Desenvolvimento Econ\u00f4mico (Sede)<\/a>, entrou na rota efetiva de novas oportunidades internacionais. O Estado oficializou apoio ao fundo soberano do Qatar a fim de fortalecer investimentos e neg\u00f3cios em Minas Gerais frente \u00e0 nova parceria. Ao todo, foram seis agendas com institui\u00e7\u00f5es e empresas nos setores de energia, alimento, hotelaria e minera\u00e7\u00e3o.<\/p>\n<p>A a\u00e7\u00e3o d\u00e1 continuidade ao trabalho de apresenta\u00e7\u00e3o das oportunidades de Minas Gerais em busca de novos neg\u00f3cios. No m\u00eas passado, a comitiva da Sede esteve nos Estados Unidos iniciando as prospec\u00e7\u00f5es junto a empresas. Al\u00e9m disso, a\u00a0<a href=\"https:\/\/www.indi.mg.gov.br\/\" target=\"_blank\" rel=\"noopener\">Ag\u00eancia de Promo\u00e7\u00e3o de Investimento e Com\u00e9rcio Exterior de Minas Gerais (Indi)<\/a>\u00a0teve sua atua\u00e7\u00e3o reconhecida por uma das maiores e mais respeitadas organiza\u00e7\u00f5es de desenvolvimento econ\u00f4mico do mundo. O Conselho Internacional de Desenvolvimento Econ\u00f4mico (IEDC) premiou duas iniciativas da atual gest\u00e3o da ag\u00eancia mineira para a atra\u00e7\u00e3o e a promo\u00e7\u00e3o de investimentos no estado. O projeto fortalece o plano de promo\u00e7\u00e3o mundial de Minas, mostrando potencialidades em diversas \u00e1reas.<\/p>\n<p>O encontro para formalizar o apoio do Estado para que Minas Gerais seja o destino de novos investimentos ocorreu no fim da manh\u00e3 da \u00faltima quarta-feira (10\/11), no Tornado Tower, sede da Nebras Power, em Doha, capital do Qatar.<\/p>\n<p><strong>Ciclo virtuoso<\/strong><\/p>\n<p>A iniciativa abriu portas, segundo o secret\u00e1rio de Desenvolvimento Econ\u00f4mico, Fernando Passalio, para que Minas Gerais oficialize neg\u00f3cios com o fundo soberano do Qatar, iniciando um virtuoso ciclo de investimentos internacionais a serem celebrados pelo Estado e uma agenda robusta com outros fundos internacionais.<\/p>\n<p>\u201cEstamos come\u00e7ando aqui, no Qatar, depois em Dubai e Abu Dhabi, \u00a0j\u00e1 com a presen\u00e7a do governador Romeu Zema, uma s\u00e9rie de prospec\u00e7\u00f5es globais para capta\u00e7\u00e3o de investimentos em \u00e1reas estrat\u00e9gicas como energia, minera\u00e7\u00e3o, alimentos, hotelaria, e at\u00e9 aeroespacial. Fundos soberanos de Cingapura, Noruega, China e \u00a0Kuwait tamb\u00e9m ser\u00e3o inseridos na agenda\u201d, comemora Passalio.<\/p>\n<p><strong>Novas oportunidades<\/strong><\/p>\n<p>Para o secret\u00e1rio, todas as agendas no Oriente M\u00e9dio est\u00e3o sendo promissoras. Ele destaca que o Governo de Minas vislumbra excelentes oportunidades para o estado frente a funda\u00e7\u00e3o da NEC Energia, resultante da associa\u00e7\u00e3o entre a companhia mineira CEI Energ\u00e9tica e a Nebras Power Investment Management BV (NPIM), empresa de investimento em energia do fundo soberano Qatar Investment Authority.<\/p>\n<p>O potencial bilion\u00e1rio de investimento dessa parceria dar\u00e1 \u00e0 NEC Energia (joint venture) \u00a0capacidade de aquisi\u00e7\u00e3o de ativos operacionais e o desenvolvimento e a constru\u00e7\u00e3o de projetos de greenfield (na fase inicial), combinando a experi\u00eancia da companhia do Qatar em grandes investimentos internacionais e o conhecimento do mercado local al\u00e9m do alto n\u00edvel de capacidade de gerenciamento da CEI Energ\u00e9tica.<\/p>\n<p><strong>Atua\u00e7\u00e3o da NEC Energia<\/strong><\/p>\n<p>A NEC Energia ser\u00e1 respons\u00e1vel pela opera\u00e7\u00e3o e pela administra\u00e7\u00e3o de 18 usinas hidrel\u00e9tricas no Brasil, que somam pot\u00eancia instalada de 72 megawatts e um portf\u00f3lio de mais de 13 gigawatts em projetos fotovoltaicos de longo prazo em todo o estado.<\/p>\n<p>Na miss\u00e3o internacional,\u00a0\u00a0o secret\u00e1rio Fernando Passalio mostrou principais investimentos e a\u00e7\u00f5es realizados em Minas Gerais, principalmente relacionados a infraestrutura, inova\u00e7\u00e3o, agricultura e energia solar, setor em que o estado lidera o ranking de gera\u00e7\u00e3o distribu\u00edda no pa\u00eds.<\/p>\n<p><strong>Desburocratiza\u00e7\u00e3o<\/strong><\/p>\n<p>Al\u00e9m disso, as oportunidades de investimentos em saneamento b\u00e1sico foram apresentadas por Passalio frente \u00e0s possibilidades do Marco Legal do Saneamento B\u00e1sico para que Minas possa receber investimento privado do fundo soberano do Qatar.<\/p>\n<p>\u201cMinas Gerais sai na frente, uma vez que agora existe um instrumento que oficializa o apoio do Estado para que possa ser ponto estrat\u00e9gico no Brasil para investimentos da NEC Energia. A participa\u00e7\u00e3o do Governo \u00e9 emblem\u00e1tica porque celebra um importante feito e refor\u00e7a as pol\u00edticas publicas de desburocratiza\u00e7\u00e3o de entraves, celeridade e seguran\u00e7a jur\u00eddica, fomentando o crescimento econ\u00f4mico e a gera\u00e7\u00e3o de postos de trabalho e renda para nosso estado\u201d, enfatiza o secret\u00e1rioo.<\/p>\n<p>A comitiva formada pela equipe da Sede incluiu, al\u00e9m de Passalio, a subsecret\u00e1ria de Promo\u00e7\u00e3o de Investimentos e Cadeias Produtivas, Kathleen Garcia, o diretor da Ag\u00eancia de Promo\u00e7\u00e3o de Investimentos e Com\u00e9rcio Exterior de Minas Gerais (Indi), Ronaldo Barquette, e o presidente da Codemge, Thiago Toscano.<\/p>\n<p><span style=\"font-weight: 400;\">Fonte: Ag\u00eancia Minas <\/span><\/p>\n","protected":false},"excerpt":{"rendered":"<p>O\u00a0Governo de Minas, por meio da\u00a0Secretaria de Desenvolvimento Econ\u00f4mico (Sede), entrou na rota efetiva de novas oportunidades internacionais. O Estado oficializou apoio ao fundo soberano do Qatar a fim de fortalecer investimentos e neg\u00f3cios em Minas Gerais frente \u00e0 nova parceria. Ao todo, foram seis agendas com institui\u00e7\u00f5es e empresas nos setores de energia, alimento, [&hellip;]<\/p>\n","protected":false},"author":246,"featured_media":191005,"comment_status":"closed","ping_status":"closed","sticky":false,"template":"","format":"standard","meta":{"footnotes":""},"categories":[436,254,439],"tags":[],"class_list":["post-191004","post","type-post","status-publish","format-standard","has-post-thumbnail","hentry","category-destaque-da-semana","category-politica","category-ultima-hora"],"_links":{"self":[{"href":"https:\/\/diarioregionaldigital.com.br\/index.php?rest_route=\/wp\/v2\/posts\/191004","targetHints":{"allow":["GET"]}}],"collection":[{"href":"https:\/\/diarioregionaldigital.com.br\/index.php?rest_route=\/wp\/v2\/posts"}],"about":[{"href":"https:\/\/diarioregionaldigital.com.br\/index.php?rest_route=\/wp\/v2\/types\/post"}],"author":[{"embeddable":true,"href":"https:\/\/diarioregionaldigital.com.br\/index.php?rest_route=\/wp\/v2\/users\/246"}],"replies":[{"embeddable":true,"href":"https:\/\/diarioregionaldigital.com.br\/index.php?rest_route=%2Fwp%2Fv2%2Fcomments&post=191004"}],"version-history":[{"count":1,"href":"https:\/\/diarioregionaldigital.com.br\/index.php?rest_route=\/wp\/v2\/posts\/191004\/revisions"}],"predecessor-version":[{"id":191006,"href":"https:\/\/diarioregionaldigital.com.br\/index.php?rest_route=\/wp\/v2\/posts\/191004\/revisions\/191006"}],"wp:featuredmedia":[{"embeddable":true,"href":"https:\/\/diarioregionaldigital.com.br\/index.php?rest_route=\/wp\/v2\/media\/191005"}],"wp:attachment":[{"href":"https:\/\/diarioregionaldigital.com.br\/index.php?rest_route=%2Fwp%2Fv2%2Fmedia&parent=191004"}],"wp:term":[{"taxonomy":"category","embeddable":true,"href":"https:\/\/diarioregionaldigital.com.br\/index.php?rest_route=%2Fwp%2Fv2%2Fcategories&post=191004"},{"taxonomy":"post_tag","embeddable":true,"href":"https:\/\/diarioregionaldigital.com.br\/index.php?rest_route=%2Fwp%2Fv2%2Ftags&post=191004"}],"curies":[{"name":"wp","href":"https:\/\/api.w.org\/{rel}","templated":true}]}}