{"id":191001,"date":"2021-11-12T19:33:27","date_gmt":"2021-11-12T22:33:27","guid":{"rendered":"https:\/\/diarioregionaldigital.com.br\/?p=191001"},"modified":"2021-11-12T19:33:27","modified_gmt":"2021-11-12T22:33:27","slug":"minas-reduz-prazo-de-aplicacao-da-dose-de-reforco-contra-covid-para-cinco-meses","status":"publish","type":"post","link":"https:\/\/diarioregionaldigital.com.br\/?p=191001","title":{"rendered":"Minas reduz prazo de aplica\u00e7\u00e3o da dose de refor\u00e7o contra covid para cinco meses"},"content":{"rendered":"<p>Com a publica\u00e7\u00e3o da Delibera\u00e7\u00e3o CIB-SUS\/MG N\u00ba 3.610 na edi\u00e7\u00e3o do Jornal Minas Gerais desta sexta-feira (12\/11), entra em vigor a redu\u00e7\u00e3o no intervalo de aplica\u00e7\u00e3o do refor\u00e7o da vacina contra a covid-19 no estado, que passa a ser de cinco meses ap\u00f3s a conclus\u00e3o do esquema vacinal.<\/p>\n<p>At\u00e9 ent\u00e3o, esse prazo era de seis meses. A medida, aprovada pela Comiss\u00e3o Intergestores Bipartite, que re\u00fane representantes da\u00a0<a href=\"https:\/\/www.saude.mg.gov.br\/\" target=\"_blank\" rel=\"noopener\">Secretaria de Estado de Sa\u00fade (SES-MG)<\/a>\u00a0e dos munic\u00edpios, foi anunciada pelo secret\u00e1rio de Estado de Sa\u00fade, F\u00e1bio Baccheretti, em coletiva realizada no mesmo dia da publica\u00e7\u00e3o.<\/p>\n<p>\u201cN\u00f3s avaliamos o cen\u00e1rio e, tendo em vista a preocupa\u00e7\u00e3o com o p\u00fablico idoso, que precisa do refor\u00e7o, implementamos a redu\u00e7\u00e3o desse prazo para cinco meses. Isso faz com que muitas pessoas, sobretudo aquelas que tomaram a vacina da AstraZeneca, por conta do intervalo maior para a segunda dose desse imunizante, possam tomar o refor\u00e7o ainda este ano. \u00c9 uma medida que deve contribuir para que seja ampliada a prote\u00e7\u00e3o a essas pessoas\u201d, analisou o secret\u00e1rio.<\/p>\n<p>A redu\u00e7\u00e3o consistente do n\u00famero de \u00f3bitos na popula\u00e7\u00e3o idosa indica a import\u00e2ncia da estrat\u00e9gia de vacina\u00e7\u00e3o com a dose de refor\u00e7o, afirmou Baccheretti. \u201cA expectativa \u00e9 concluir o refor\u00e7o em todo o p\u00fablico priorit\u00e1rio no come\u00e7o de 2022, em janeiro ou fevereiro. Mas, para isso, as pessoas devem buscar a dose de refor\u00e7o\u201d.<\/p>\n<p>Em sua apresenta\u00e7\u00e3o, o secret\u00e1rio tamb\u00e9m fez um apelo para que pessoas que estejam com a segunda dose do imunizante em atraso procurem o quanto antes uma unidade de sa\u00fade. \u201cQuem n\u00e3o tomou a segunda dose, que busque essa vacina\u00e7\u00e3o. O esquema completo \u00e9 necess\u00e1rio para garantir a prote\u00e7\u00e3o contra a doen\u00e7a. Com cada um fazendo sua parte, poderemos ter mais condi\u00e7\u00f5es de retorno \u00e0 normalidade\u201d, comentou Baccheretti.<\/p>\n<p><strong>M\u00e1scaras<\/strong><\/p>\n<p>Outro ponto abordado pelo secret\u00e1rio foi a possibilidade de flexibiliza\u00e7\u00e3o do uso de m\u00e1scaras. Segundo Baccheretti, a SES-MG iniciou discuss\u00e3o dos crit\u00e9rios t\u00e9cnicos que ser\u00e3o necess\u00e1rios para que a medida possa ser adotada, sobretudo em locais abertos e arejados. \u201cTemos que verificar qual o ponto de vacina\u00e7\u00e3o que traz seguran\u00e7a para uma desobriga\u00e7\u00e3o do uso. Devemos ter uma norma que vai levar em conta o n\u00edvel de vacina\u00e7\u00e3o dos munic\u00edpios e, possivelmente, ter a defini\u00e7\u00e3o sobre esses crit\u00e9rios ainda este ano\u201d, afirmou o secret\u00e1rio, que descartou a possibilidade de dispensa da prote\u00e7\u00e3o facial em locais fechados.<\/p>\n<p>Sobre as festas de fim de ano e carnaval, o secret\u00e1rio explicou que o protocolo de eventos do programa Minas Consciente \u00e9 revisto periodicamente e que as festividades devem ter orienta\u00e7\u00f5es espec\u00edficas conforme a realidade de momento. \u201dO Carnaval, por exemplo, deve ter um cen\u00e1rio diferente daquele que se apresenta para o r\u00e9veillon\u201d.<\/p>\n<p><strong>Ades\u00e3o\u00a0<\/strong><\/p>\n<p>De acordo com o secret\u00e1rio, a popula\u00e7\u00e3o mineira tem aderido \u00e0 vacina\u00e7\u00e3o contra a covid, o que produz boas coberturas vacinais. \u201c\u00c9 diferente do que n\u00f3s verificamos em alguns pa\u00edses da Europa, por exemplo. N\u00f3s estamos com mais de 30 milh\u00f5es de vacinas aplicadas, tendo ocorrido uma boa acelera\u00e7\u00e3o nos \u00faltimos meses e manuten\u00e7\u00e3o do ritmo\u201d, explicou.<\/p>\n<p>Baccheretti tamb\u00e9m comemorou os baixos n\u00edveis de ocupa\u00e7\u00e3o de leitos por pacientes com covid, de forma geral. \u201cIsso demonstra que o v\u00edrus est\u00e1 circulando em n\u00edveis mais reduzidos. Temos atualmente dois meses de onda verde, com todas as 89 microrregi\u00f5es de sa\u00fade no estado nessa faixa de menor grau de restri\u00e7\u00e3o\u201d, pontuou o secret\u00e1rio, citando dados recentes sobre a epidemia no estado. \u201cNos \u00faltimos 14 dias, 427 munic\u00edpios apresentaram at\u00e9 50 casos por 100 mil habitantes, o que \u00e9 considerado uma baixa incid\u00eancia. Al\u00e9m disso, conforme n\u00fameros inseridos pelos munic\u00edpios nos sistemas de informa\u00e7\u00e3o, 606 munic\u00edpios n\u00e3o apresentaram \u00f3bitos no \u00faltimo m\u00eas\u201d, complementa.<\/p>\n<p><strong>Recebimento de vacinas<\/strong><\/p>\n<p>O secret\u00e1rio tamb\u00e9m anunciou a chegada, nesta sexta-feira (12\/11), de 188.250 doses de vacinas AstraZeneca\/Fiocruz, que ser\u00e3o utilizadas para conclus\u00e3o do esquema vacinal em munic\u00edpios. \u201cCom essa remessa, n\u00f3s temos a expectativa de suprir a necessidade indicada pelas secretarias municipais para aplica\u00e7\u00e3o de segunda dose\u201d, explicou Baccheretti, lembrando que esta semana o estado j\u00e1 recebeu tamb\u00e9m 545.160 doses de imunizantes da Pfizer.<\/p>\n<p><span style=\"font-weight: 400;\">Fonte: Ag\u00eancia Minas <\/span><\/p>\n","protected":false},"excerpt":{"rendered":"<p>Com a publica\u00e7\u00e3o da Delibera\u00e7\u00e3o CIB-SUS\/MG N\u00ba 3.610 na edi\u00e7\u00e3o do Jornal Minas Gerais desta sexta-feira (12\/11), entra em vigor a redu\u00e7\u00e3o no intervalo de aplica\u00e7\u00e3o do refor\u00e7o da vacina contra a covid-19 no estado, que passa a ser de cinco meses ap\u00f3s a conclus\u00e3o do esquema vacinal. At\u00e9 ent\u00e3o, esse prazo era de seis [&hellip;]<\/p>\n","protected":false},"author":246,"featured_media":191002,"comment_status":"closed","ping_status":"closed","sticky":false,"template":"","format":"standard","meta":{"footnotes":""},"categories":[436,440,254,439],"tags":[],"class_list":["post-191001","post","type-post","status-publish","format-standard","has-post-thumbnail","hentry","category-destaque-da-semana","category-destaques-do-dia","category-politica","category-ultima-hora"],"_links":{"self":[{"href":"https:\/\/diarioregionaldigital.com.br\/index.php?rest_route=\/wp\/v2\/posts\/191001","targetHints":{"allow":["GET"]}}],"collection":[{"href":"https:\/\/diarioregionaldigital.com.br\/index.php?rest_route=\/wp\/v2\/posts"}],"about":[{"href":"https:\/\/diarioregionaldigital.com.br\/index.php?rest_route=\/wp\/v2\/types\/post"}],"author":[{"embeddable":true,"href":"https:\/\/diarioregionaldigital.com.br\/index.php?rest_route=\/wp\/v2\/users\/246"}],"replies":[{"embeddable":true,"href":"https:\/\/diarioregionaldigital.com.br\/index.php?rest_route=%2Fwp%2Fv2%2Fcomments&post=191001"}],"version-history":[{"count":1,"href":"https:\/\/diarioregionaldigital.com.br\/index.php?rest_route=\/wp\/v2\/posts\/191001\/revisions"}],"predecessor-version":[{"id":191003,"href":"https:\/\/diarioregionaldigital.com.br\/index.php?rest_route=\/wp\/v2\/posts\/191001\/revisions\/191003"}],"wp:featuredmedia":[{"embeddable":true,"href":"https:\/\/diarioregionaldigital.com.br\/index.php?rest_route=\/wp\/v2\/media\/191002"}],"wp:attachment":[{"href":"https:\/\/diarioregionaldigital.com.br\/index.php?rest_route=%2Fwp%2Fv2%2Fmedia&parent=191001"}],"wp:term":[{"taxonomy":"category","embeddable":true,"href":"https:\/\/diarioregionaldigital.com.br\/index.php?rest_route=%2Fwp%2Fv2%2Fcategories&post=191001"},{"taxonomy":"post_tag","embeddable":true,"href":"https:\/\/diarioregionaldigital.com.br\/index.php?rest_route=%2Fwp%2Fv2%2Ftags&post=191001"}],"curies":[{"name":"wp","href":"https:\/\/api.w.org\/{rel}","templated":true}]}}