{"id":190994,"date":"2021-11-12T19:18:17","date_gmt":"2021-11-12T22:18:17","guid":{"rendered":"https:\/\/diarioregionaldigital.com.br\/?p=190994"},"modified":"2021-11-12T19:18:17","modified_gmt":"2021-11-12T22:18:17","slug":"presidente-do-bc-emissao-de-titulos-verdes-depende-do-teto-de-gastos","status":"publish","type":"post","link":"https:\/\/diarioregionaldigital.com.br\/?p=190994","title":{"rendered":"Presidente do BC: emiss\u00e3o de t\u00edtulos verdes depende do teto de gastos"},"content":{"rendered":"<p>A emiss\u00e3o de\u00a0<em>green bonds<\/em>\u00a0(t\u00edtulos verdes, que financiam projetos ambientais) no exterior pelo governo brasileiro \u00e9 limitada pelo teto de gastos, disse hoje (12) o presidente do Banco Central (BC), Roberto Campos Neto. Ele disse acreditar que a demanda por esse tipo de papel tem potencial para disparar nos pr\u00f3ximos anos, mas advertiu que a execu\u00e7\u00e3o dos projetos esbarra no limite federal de despesas.<img decoding=\"async\" src=\"https:\/\/agenciabrasil.ebc.com.br\/ebc.png?id=1427445&amp;o=node\" \/><img decoding=\"async\" src=\"https:\/\/agenciabrasil.ebc.com.br\/ebc.gif?id=1427445&amp;o=node\" \/><\/p>\n<p>\u201cO Brasil pode emitir\u00a0<em>green bond<\/em>\u00a0\u00e0 vontade, mas quanto vou conseguir gastar em projetos verdes? Porque isso tamb\u00e9m fica dentro do teto\u201d, questionou Campos Neto no semin\u00e1rio internacional Agroneg\u00f3cio Sustent\u00e1vel no Brasil, em Lisboa. O evento \u00e9 promovido pelas Comiss\u00f5es de Rela\u00e7\u00f5es Exteriores e Defesa Nacional do Senado e da C\u00e2mara dos Deputados.<\/p>\n<p>O presidente do BC disse acreditar que os t\u00edtulos verdes n\u00e3o canibalizariam a demanda por outros t\u00edtulos p\u00fablicos brasileiros emitidos no mercado internacional, como os pap\u00e9is da d\u00edvida externa brasileira. \u201cT\u00edtulos verdes t\u00eam demanda muito grande e t\u00eam tudo para crescer\u201d, comentou.<\/p>\n<p><strong>Criptomoedas<\/strong><\/p>\n<p>O semin\u00e1rio tamb\u00e9m tratou das criptomoedas (moedas digitais criptografadas), cuja minera\u00e7\u00e3o (emiss\u00e3o) consome grandes quantidades de energia por computadores e \u00e9 vista em alguns pa\u00edses como problema ambiental. Segundo Campos Neto, o Brasil mais importa do que produz esse tipo de ativo, a ponto de as compras afetarem a balan\u00e7a comercial, desde quando as compras de\u00a0<em>bitcoin<\/em>\u00a0passaram a ser registradas como importa\u00e7\u00f5es na metodologia do BC.<\/p>\n<p>De acordo com Campos Neto, os criptoativos s\u00e3o mais usados no Brasil como ferramenta de investimento (aplica\u00e7\u00f5es para fazer o dinheiro render), mas n\u00e3o descartou que o uso das moedas digitais como meio de pagamento aumente no pa\u00eds. \u201cVimos em outros pa\u00edses que, quando [a propor\u00e7\u00e3o de criptoativos] passa de 4% a 5% de investimento, passa a ser usado como meio de pagamento. Estamos em uma fase mais inicial no Brasil\u201d, acrescentou.<\/p>\n<p>O relator do\u00a0<a href=\"http:\/\/https\/\/legis.senado.leg.br\/sdleg-getter\/documento?dm=7973487&amp;ts=1630434077762&amp;disposition=inline\" target=\"_blank\" rel=\"noopener\">projeto de lei que regulamenta os criptoativos<\/a>\u00a0no Brasil, senador Iraj\u00e1 (PSD-TO), participou do semin\u00e1rio como mediador do painel. O parlamentar disse que pretende pautar a proposta na pr\u00f3xima semana para ser votada na Comiss\u00e3o de Assuntos Econ\u00f4micos do Senado.<\/p>\n<p><strong>Mercado de carbono<\/strong><\/p>\n<p>Campos Neto disse que os bancos centrais precisam estar mais preparados para a transi\u00e7\u00e3o para a economia verde. Isso porque quest\u00f5es clim\u00e1ticas tendem a afetar cada vez mais a infla\u00e7\u00e3o e a pol\u00edtica monet\u00e1ria, como a alta de alimentos decorrentes de quebras de safra e a eleva\u00e7\u00e3o no custo da energia.<\/p>\n<p>\u201cA bandeira de energia saiu de menos de R$ 2 para R$ 14,40 por falta de chuvas. Temas clim\u00e1ticos afetam a pol\u00edtica monet\u00e1ria\u201d, declarou. O presidente do BC tamb\u00e9m pediu que os bancos, p\u00fablicos e privados, emprestem mais recursos para projetos ambientais.<\/p>\n<p>Em rela\u00e7\u00e3o ao mercado de cr\u00e9ditos de carbono, Campos Neto defendeu o desenvolvimento de um sistema de trocas global, que distribua os custos entre produtores e consumidores. \u201cA carga de carbono hoje \u00e9 maior sobre quem produz do que sobre quem consome. Se [esse tema] n\u00e3o for equacionado, alguns produtores de insumos v\u00e3o deixar de produzir com essa carga de carbono. O consumidor vai ter que deixar de consumir ou consumir mais caro\u201d, advertiu.<\/p>\n<p>O presidente do BC criticou a imposi\u00e7\u00e3o de impostos sobre as emiss\u00f5es de g\u00e1s carb\u00f4nico, como alguns pa\u00edses propuseram na 26\u00aa Confer\u00eancia das Na\u00e7\u00f5es Unidas para Mudan\u00e7as Clim\u00e1ticas (COP26). Segundo ele, um mercado global e funcional saber\u00e1 financiar projetos de forma mais eficiente que governos.<\/p>\n<p><span style=\"font-weight: 400;\"><br \/>\n<\/span><span style=\"font-weight: 400;\">Fonte: Ag\u00eancia Brasil <\/span><\/p>\n","protected":false},"excerpt":{"rendered":"<p>A emiss\u00e3o de\u00a0green bonds\u00a0(t\u00edtulos verdes, que financiam projetos ambientais) no exterior pelo governo brasileiro \u00e9 limitada pelo teto de gastos, disse hoje (12) o presidente do Banco Central (BC), Roberto Campos Neto. Ele disse acreditar que a demanda por esse tipo de papel tem potencial para disparar nos pr\u00f3ximos anos, mas advertiu que a execu\u00e7\u00e3o [&hellip;]<\/p>\n","protected":false},"author":246,"featured_media":190995,"comment_status":"closed","ping_status":"closed","sticky":false,"template":"","format":"standard","meta":{"footnotes":""},"categories":[436,261],"tags":[],"class_list":["post-190994","post","type-post","status-publish","format-standard","has-post-thumbnail","hentry","category-destaque-da-semana","category-economia"],"_links":{"self":[{"href":"https:\/\/diarioregionaldigital.com.br\/index.php?rest_route=\/wp\/v2\/posts\/190994","targetHints":{"allow":["GET"]}}],"collection":[{"href":"https:\/\/diarioregionaldigital.com.br\/index.php?rest_route=\/wp\/v2\/posts"}],"about":[{"href":"https:\/\/diarioregionaldigital.com.br\/index.php?rest_route=\/wp\/v2\/types\/post"}],"author":[{"embeddable":true,"href":"https:\/\/diarioregionaldigital.com.br\/index.php?rest_route=\/wp\/v2\/users\/246"}],"replies":[{"embeddable":true,"href":"https:\/\/diarioregionaldigital.com.br\/index.php?rest_route=%2Fwp%2Fv2%2Fcomments&post=190994"}],"version-history":[{"count":2,"href":"https:\/\/diarioregionaldigital.com.br\/index.php?rest_route=\/wp\/v2\/posts\/190994\/revisions"}],"predecessor-version":[{"id":190997,"href":"https:\/\/diarioregionaldigital.com.br\/index.php?rest_route=\/wp\/v2\/posts\/190994\/revisions\/190997"}],"wp:featuredmedia":[{"embeddable":true,"href":"https:\/\/diarioregionaldigital.com.br\/index.php?rest_route=\/wp\/v2\/media\/190995"}],"wp:attachment":[{"href":"https:\/\/diarioregionaldigital.com.br\/index.php?rest_route=%2Fwp%2Fv2%2Fmedia&parent=190994"}],"wp:term":[{"taxonomy":"category","embeddable":true,"href":"https:\/\/diarioregionaldigital.com.br\/index.php?rest_route=%2Fwp%2Fv2%2Fcategories&post=190994"},{"taxonomy":"post_tag","embeddable":true,"href":"https:\/\/diarioregionaldigital.com.br\/index.php?rest_route=%2Fwp%2Fv2%2Ftags&post=190994"}],"curies":[{"name":"wp","href":"https:\/\/api.w.org\/{rel}","templated":true}]}}