{"id":190991,"date":"2021-11-12T19:15:31","date_gmt":"2021-11-12T22:15:31","guid":{"rendered":"https:\/\/diarioregionaldigital.com.br\/?p=190991"},"modified":"2021-11-12T19:15:31","modified_gmt":"2021-11-12T22:15:31","slug":"inflacao-e-maior-em-outubro-para-familias-de-menor-renda-diz-ipea","status":"publish","type":"post","link":"https:\/\/diarioregionaldigital.com.br\/?p=190991","title":{"rendered":"Infla\u00e7\u00e3o \u00e9 maior em outubro para fam\u00edlias de menor renda, diz Ipea"},"content":{"rendered":"<p>O estudo Indicador de Infla\u00e7\u00e3o por Faixa de Renda, divulgado hoje (12) pelo Instituto de Pesquisa Econ\u00f4mica Aplicada (Ipea), mostrou acelera\u00e7\u00e3o da taxa de infla\u00e7\u00e3o para todas as faixas de renda no m\u00eas de outubro deste ano, sendo maior para fam\u00edlias de menor renda pelo s\u00e9timo m\u00eas consecutivo. Para essa parcela da popula\u00e7\u00e3o, a taxa de 1,35% ficou 0,15 ponto percentual acima da taxa das fam\u00edlias de maior renda (1,2%). Em outubro do ano passado, as taxas apuradas foram de 0,98% para as fam\u00edlias de renda mais baixa e 0,82% para as fam\u00edlias de renda mais alta.<img decoding=\"async\" src=\"https:\/\/agenciabrasil.ebc.com.br\/ebc.png?id=1427406&amp;o=node\" \/><img decoding=\"async\" src=\"https:\/\/agenciabrasil.ebc.com.br\/ebc.gif?id=1427406&amp;o=node\" \/><\/p>\n<p>No m\u00eas pesquisado deste ano, o grupo que mais contribuiu para a alta inflacion\u00e1ria das fam\u00edlias dos tr\u00eas segmentos de renda mais baixa foi habita\u00e7\u00e3o, com aumentos de 1,1% dos reparos no domic\u00edlio e de 0,95% dos artigos de limpeza. Sobre essas fam\u00edlias reca\u00edram ainda reajustes de 1,2% das tarifas de energia el\u00e9trica, 3,7% do g\u00e1s de botij\u00e3o e 0,9% do aluguel.<\/p>\n<p>O segundo segmento que mais afetou a infla\u00e7\u00e3o das fam\u00edlias de menor renda foi o de alimentos e bebidas, gerado pelo aumento dos alimentos no domic\u00edlio, especialmente a batata (16%), a\u00e7\u00facar (6,4%), caf\u00e9 (4,6%) e aves e ovos (3,2%), al\u00e9m do incremento de 0,91% dos produtos farmac\u00eauticos. Em contrapartida, ca\u00edram os pre\u00e7os do arroz (-1,4%), feij\u00e3o (-1,9%) e carnes (-0,04%).<\/p>\n<p>Para as tr\u00eas faixas de renda mais alta, o maior impacto foi do grupo de transportes, a exemplo do que ocorreu em setembro. A alta inflacion\u00e1ria desse segmento foi influenciada pelos reajustes de 3,1% da gasolina, de 33,9% das passagens a\u00e9reas e de 19,9% dos transportes por aplicativo. Segundo o Ipea, al\u00e9m das altas dos grupos alimenta\u00e7\u00e3o e habita\u00e7\u00e3o, o grupo despesas pessoais, influenciado pelo aumento dos servi\u00e7os ligados \u00e0 recrea\u00e7\u00e3o, come\u00e7a a impactar mais fortemente a infla\u00e7\u00e3o para as fam\u00edlias das faixas de renda mais elevadas.<\/p>\n<p><strong>Doze meses<\/strong><\/p>\n<p>A taxa inflacion\u00e1ria acumulada em 12 meses revela que apesar de haver acelera\u00e7\u00e3o da infla\u00e7\u00e3o para todas as faixas de renda, as fam\u00edlias de menor renda apresentaram maiores altas de infla\u00e7\u00e3o, superiores a 11%. De acordo com o estudo do Ipea, a infla\u00e7\u00e3o acumulada em 12 meses atingiu 11,4% para as fam\u00edlias que recebem menos de R$ 1.808,79 ao m\u00eas, contra 9,3% para as fam\u00edlias que recebem mais de R$ 17.764,49 mensais.<\/p>\n<p>Para as fam\u00edlias de renda muito baixa, al\u00e9m dos aumentos nos pre\u00e7os dos alimentos no domic\u00edlio, subiram tamb\u00e9m os pre\u00e7os da batata (23,6%), a\u00e7\u00facar (47,8%) e prote\u00ednas animais como carnes (19,8%), aves e ovos (28,9%) e leite e derivados (8,8%). Os reajustes de 30,3% da energia e de 37,9% do g\u00e1s de botij\u00e3o explicam ainda grande parte da alta inflacion\u00e1ria nos \u00faltimos 12 meses.<\/p>\n<p>Para as fam\u00edlias com maiores rendas, a infla\u00e7\u00e3o acumulada no per\u00edodo sofreu impacto, em especial, das varia\u00e7\u00f5es de 45,2% dos combust\u00edveis, 50,1% das passagens a\u00e9reas, 36,6% dos transportes por aplicativo e 11,6% dos aparelhos eletroeletr\u00f4nicos.<\/p>\n<p><strong>No ano<\/strong><\/p>\n<p>Segundo o estudo do Ipea, a maior press\u00e3o inflacion\u00e1ria observada de janeiro a outubro de 2021 ocorreu nas faixas de renda m\u00e9dia-baixa e muito baixa, com altas de 8,59% e 8,57%, respectivamente. Para os mais ricos, a taxa ficou menor, da ordem de 7,50%.<\/p>\n<p><span style=\"font-weight: 400;\"><br \/>\n<\/span><span style=\"font-weight: 400;\">Fonte: Ag\u00eancia Brasil <\/span><\/p>\n","protected":false},"excerpt":{"rendered":"<p>O estudo Indicador de Infla\u00e7\u00e3o por Faixa de Renda, divulgado hoje (12) pelo Instituto de Pesquisa Econ\u00f4mica Aplicada (Ipea), mostrou acelera\u00e7\u00e3o da taxa de infla\u00e7\u00e3o para todas as faixas de renda no m\u00eas de outubro deste ano, sendo maior para fam\u00edlias de menor renda pelo s\u00e9timo m\u00eas consecutivo. Para essa parcela da popula\u00e7\u00e3o, a taxa [&hellip;]<\/p>\n","protected":false},"author":246,"featured_media":190992,"comment_status":"closed","ping_status":"closed","sticky":false,"template":"","format":"standard","meta":{"footnotes":""},"categories":[436,261,439],"tags":[],"class_list":["post-190991","post","type-post","status-publish","format-standard","has-post-thumbnail","hentry","category-destaque-da-semana","category-economia","category-ultima-hora"],"_links":{"self":[{"href":"https:\/\/diarioregionaldigital.com.br\/index.php?rest_route=\/wp\/v2\/posts\/190991","targetHints":{"allow":["GET"]}}],"collection":[{"href":"https:\/\/diarioregionaldigital.com.br\/index.php?rest_route=\/wp\/v2\/posts"}],"about":[{"href":"https:\/\/diarioregionaldigital.com.br\/index.php?rest_route=\/wp\/v2\/types\/post"}],"author":[{"embeddable":true,"href":"https:\/\/diarioregionaldigital.com.br\/index.php?rest_route=\/wp\/v2\/users\/246"}],"replies":[{"embeddable":true,"href":"https:\/\/diarioregionaldigital.com.br\/index.php?rest_route=%2Fwp%2Fv2%2Fcomments&post=190991"}],"version-history":[{"count":1,"href":"https:\/\/diarioregionaldigital.com.br\/index.php?rest_route=\/wp\/v2\/posts\/190991\/revisions"}],"predecessor-version":[{"id":190993,"href":"https:\/\/diarioregionaldigital.com.br\/index.php?rest_route=\/wp\/v2\/posts\/190991\/revisions\/190993"}],"wp:featuredmedia":[{"embeddable":true,"href":"https:\/\/diarioregionaldigital.com.br\/index.php?rest_route=\/wp\/v2\/media\/190992"}],"wp:attachment":[{"href":"https:\/\/diarioregionaldigital.com.br\/index.php?rest_route=%2Fwp%2Fv2%2Fmedia&parent=190991"}],"wp:term":[{"taxonomy":"category","embeddable":true,"href":"https:\/\/diarioregionaldigital.com.br\/index.php?rest_route=%2Fwp%2Fv2%2Fcategories&post=190991"},{"taxonomy":"post_tag","embeddable":true,"href":"https:\/\/diarioregionaldigital.com.br\/index.php?rest_route=%2Fwp%2Fv2%2Ftags&post=190991"}],"curies":[{"name":"wp","href":"https:\/\/api.w.org\/{rel}","templated":true}]}}