{"id":190985,"date":"2021-11-12T18:54:25","date_gmt":"2021-11-12T21:54:25","guid":{"rendered":"https:\/\/diarioregionaldigital.com.br\/?p=190985"},"modified":"2021-11-12T18:54:25","modified_gmt":"2021-11-12T21:54:25","slug":"policia-militar-atende-vitima-de-roubo-no-sao-pedro","status":"publish","type":"post","link":"https:\/\/diarioregionaldigital.com.br\/?p=190985","title":{"rendered":"Pol\u00edcia Militar atende v\u00edtima de roubo no S\u00e3o Pedro"},"content":{"rendered":"<p>Na noite de quinta-feira, 11nov21 por volta das 20h22min, a Pol\u00edcia Militar foi acionada a comparecer na Rua Jos\u00e9 Kirchmaier no bairro S\u00e3o Pedro para atendimento a um homem de 39 anos, v\u00edtima de roubo. Segundo relato, estava trabalhando no seu bar\/mercearia quando dois indiv\u00edduos adentraram ao local, um deles armado com arma de fogo, anunciaram o roubo e roubaram a quantia aproximada de R$ 500,00 em dinheiro do caixa e fugiram a p\u00e9. V\u00edtima orientada quanto \u00e0s demais provid\u00eancias. De posse das caracter\u00edsticas dos autores, a Pol\u00edcia Militar segue rastreamento.<\/p>\n","protected":false},"excerpt":{"rendered":"<p>Na noite de quinta-feira, 11nov21 por volta das 20h22min, a Pol\u00edcia Militar foi acionada a comparecer na Rua Jos\u00e9 Kirchmaier no bairro S\u00e3o Pedro para atendimento a um homem de 39 anos, v\u00edtima de roubo. Segundo relato, estava trabalhando no seu bar\/mercearia quando dois indiv\u00edduos adentraram ao local, um deles armado com arma de fogo, [&hellip;]<\/p>\n","protected":false},"author":246,"featured_media":190986,"comment_status":"closed","ping_status":"closed","sticky":false,"template":"","format":"standard","meta":{"footnotes":""},"categories":[301],"tags":[],"class_list":["post-190985","post","type-post","status-publish","format-standard","has-post-thumbnail","hentry","category-artigos-policiais"],"_links":{"self":[{"href":"https:\/\/diarioregionaldigital.com.br\/index.php?rest_route=\/wp\/v2\/posts\/190985","targetHints":{"allow":["GET"]}}],"collection":[{"href":"https:\/\/diarioregionaldigital.com.br\/index.php?rest_route=\/wp\/v2\/posts"}],"about":[{"href":"https:\/\/diarioregionaldigital.com.br\/index.php?rest_route=\/wp\/v2\/types\/post"}],"author":[{"embeddable":true,"href":"https:\/\/diarioregionaldigital.com.br\/index.php?rest_route=\/wp\/v2\/users\/246"}],"replies":[{"embeddable":true,"href":"https:\/\/diarioregionaldigital.com.br\/index.php?rest_route=%2Fwp%2Fv2%2Fcomments&post=190985"}],"version-history":[{"count":1,"href":"https:\/\/diarioregionaldigital.com.br\/index.php?rest_route=\/wp\/v2\/posts\/190985\/revisions"}],"predecessor-version":[{"id":190987,"href":"https:\/\/diarioregionaldigital.com.br\/index.php?rest_route=\/wp\/v2\/posts\/190985\/revisions\/190987"}],"wp:featuredmedia":[{"embeddable":true,"href":"https:\/\/diarioregionaldigital.com.br\/index.php?rest_route=\/wp\/v2\/media\/190986"}],"wp:attachment":[{"href":"https:\/\/diarioregionaldigital.com.br\/index.php?rest_route=%2Fwp%2Fv2%2Fmedia&parent=190985"}],"wp:term":[{"taxonomy":"category","embeddable":true,"href":"https:\/\/diarioregionaldigital.com.br\/index.php?rest_route=%2Fwp%2Fv2%2Fcategories&post=190985"},{"taxonomy":"post_tag","embeddable":true,"href":"https:\/\/diarioregionaldigital.com.br\/index.php?rest_route=%2Fwp%2Fv2%2Ftags&post=190985"}],"curies":[{"name":"wp","href":"https:\/\/api.w.org\/{rel}","templated":true}]}}