{"id":190976,"date":"2021-11-12T00:39:51","date_gmt":"2021-11-12T03:39:51","guid":{"rendered":"https:\/\/diarioregionaldigital.com.br\/?p=190976"},"modified":"2021-11-12T00:42:22","modified_gmt":"2021-11-12T03:42:22","slug":"prefeitura-municipal-de-descoberto-extrato-de-contrato-12-11-2021","status":"publish","type":"post","link":"https:\/\/diarioregionaldigital.com.br\/?p=190976","title":{"rendered":"Prefeitura Municipal de Descoberto &#8211; Extrato de Contrato n\u00ba043 &#8211; 12\/11\/2021"},"content":{"rendered":"<p style=\"text-align: center;\"><strong>EXTRATO DE CONTRATO<\/strong><\/p>\n<p style=\"text-align: center;\">Pref. Municipal de Descoberto x Masterinfor Comercial e Suprimentos de Inform\u00e1tica Eireli \u2013 Objeto: Aquisi\u00e7\u00e3o de tablets para o Departamento de Sa\u00fade- Fundamento: Preg\u00e3o \u00a0n\u00ba 015\/2021 &#8211; Valor Global: R$21.758,30- Vig\u00eancia:03 meses \u2013 \u00a0Dot or\u00e7: 02.05006.10.301.0004.198-449050\/102- Ass: 12\/11\/2021 &#8211; Foro: S\u00e3o Jo\u00e3o Nepomuceno\/MG.<\/p>\n<p style=\"text-align: center;\"><strong>Marcos de Ara\u00fajo Lima<\/strong><\/p>\n<p style=\"text-align: center;\"><strong>Prefeito Municipal<\/strong><\/p>\n","protected":false},"excerpt":{"rendered":"<p>EXTRATO DE CONTRATO Pref. Municipal de Descoberto x Masterinfor Comercial e Suprimentos de Inform\u00e1tica Eireli \u2013 Objeto: Aquisi\u00e7\u00e3o de tablets para o Departamento de Sa\u00fade- Fundamento: Preg\u00e3o \u00a0n\u00ba 015\/2021 &#8211; Valor Global: R$21.758,30- Vig\u00eancia:03 meses \u2013 \u00a0Dot or\u00e7: 02.05006.10.301.0004.198-449050\/102- Ass: 12\/11\/2021 &#8211; Foro: S\u00e3o Jo\u00e3o Nepomuceno\/MG. Marcos de Ara\u00fajo Lima Prefeito Municipal<\/p>\n","protected":false},"author":96,"featured_media":0,"comment_status":"closed","ping_status":"closed","sticky":false,"template":"","format":"standard","meta":{"footnotes":""},"categories":[307],"tags":[],"class_list":["post-190976","post","type-post","status-publish","format-standard","hentry","category-editais"],"_links":{"self":[{"href":"https:\/\/diarioregionaldigital.com.br\/index.php?rest_route=\/wp\/v2\/posts\/190976","targetHints":{"allow":["GET"]}}],"collection":[{"href":"https:\/\/diarioregionaldigital.com.br\/index.php?rest_route=\/wp\/v2\/posts"}],"about":[{"href":"https:\/\/diarioregionaldigital.com.br\/index.php?rest_route=\/wp\/v2\/types\/post"}],"author":[{"embeddable":true,"href":"https:\/\/diarioregionaldigital.com.br\/index.php?rest_route=\/wp\/v2\/users\/96"}],"replies":[{"embeddable":true,"href":"https:\/\/diarioregionaldigital.com.br\/index.php?rest_route=%2Fwp%2Fv2%2Fcomments&post=190976"}],"version-history":[{"count":3,"href":"https:\/\/diarioregionaldigital.com.br\/index.php?rest_route=\/wp\/v2\/posts\/190976\/revisions"}],"predecessor-version":[{"id":190981,"href":"https:\/\/diarioregionaldigital.com.br\/index.php?rest_route=\/wp\/v2\/posts\/190976\/revisions\/190981"}],"wp:attachment":[{"href":"https:\/\/diarioregionaldigital.com.br\/index.php?rest_route=%2Fwp%2Fv2%2Fmedia&parent=190976"}],"wp:term":[{"taxonomy":"category","embeddable":true,"href":"https:\/\/diarioregionaldigital.com.br\/index.php?rest_route=%2Fwp%2Fv2%2Fcategories&post=190976"},{"taxonomy":"post_tag","embeddable":true,"href":"https:\/\/diarioregionaldigital.com.br\/index.php?rest_route=%2Fwp%2Fv2%2Ftags&post=190976"}],"curies":[{"name":"wp","href":"https:\/\/api.w.org\/{rel}","templated":true}]}}