{"id":190969,"date":"2021-11-11T20:31:55","date_gmt":"2021-11-11T23:31:55","guid":{"rendered":"https:\/\/diarioregionaldigital.com.br\/?p=190969"},"modified":"2021-11-11T20:31:55","modified_gmt":"2021-11-11T23:31:55","slug":"confira-a-lista-dos-proximos-participantes-da-feirinha-da-pjf","status":"publish","type":"post","link":"https:\/\/diarioregionaldigital.com.br\/?p=190969","title":{"rendered":"Confira a lista dos pr\u00f3ximos participantes da Feirinha da PJF"},"content":{"rendered":"<div id=\"box_texto_noticia\">Segundo informa\u00e7\u00f5es do site da Prefeitura de Juiz de Fora, a feirinha da PJF segue movimentando o pr\u00e9dio-sede \u00e0s sextas-feiras, das 8h \u00e0s 14h30. A Secretaria de Agricultura, Pecu\u00e1ria e Abastecimento (Seapa) da Prefeitura de Juiz de Fora (PJF), divulga a lista dos produtores selecionados que v\u00e3o participar da pr\u00f3xima edi\u00e7\u00e3o que ser\u00e1 realizada nos dias 12, 19, 26 de novembro e 10 e 17 de dezembro. Os selecionados j\u00e1 foram contactados e correspondem aos crit\u00e9rios de sele\u00e7\u00e3o.<\/p>\n<p>Nesta edi\u00e7\u00e3o, o p\u00fablico ter\u00e1 acesso a alimentos agroecol\u00f3gicos e org\u00e2nicos, como verduras, legumes e conservas, al\u00e9m de p\u00e3es, bolos, salgados, queijos e artesanatos.<\/p>\n<p><b>Confira os participantes:<\/b><\/p>\n<p>&#8211; Priscila Ara\u00fajo<br \/>\n&#8211; Pedro Leon de Brito Barroso<br \/>\n&#8211; Nathalie de Souza Ferreira<br \/>\n&#8211; Maria da Concei\u00e7\u00e3o Silva<br \/>\n&#8211; Rosimar Candida Baia<br \/>\n&#8211; Sandro Mendon\u00e7a<br \/>\n&#8211; Joelson Silva de Amorim<br \/>\n&#8211; M\u00e1rcia Oliveira Costa de Almeida<br \/>\n&#8211; Sonia Kremers de Souza<\/p>\n<p>A sele\u00e7\u00e3o dos produtores \u00e9 feita por soma de pontos, conforme as especifica\u00e7\u00f5es que est\u00e3o dispon\u00edveis no site. Al\u00e9m disso, \u00e9 realizado um rod\u00edzio mensal, para dar oportunidade a mais agricultores, produtores e artes\u00e3os.<\/p>\n<p><b>Outras informa\u00e7\u00f5es:<\/b><br \/>\nWhatsApp: (32) 2104-8619<\/div>\n<p>&nbsp;<\/p>\n<div id=\"box_compartilhar\" align=\"right\"><\/div>\n","protected":false},"excerpt":{"rendered":"<p>Segundo informa\u00e7\u00f5es do site da Prefeitura de Juiz de Fora, a feirinha da PJF segue movimentando o pr\u00e9dio-sede \u00e0s sextas-feiras, das 8h \u00e0s 14h30. A Secretaria de Agricultura, Pecu\u00e1ria e Abastecimento (Seapa) da Prefeitura de Juiz de Fora (PJF), divulga a lista dos produtores selecionados que v\u00e3o participar da pr\u00f3xima edi\u00e7\u00e3o que ser\u00e1 realizada nos [&hellip;]<\/p>\n","protected":false},"author":246,"featured_media":190970,"comment_status":"closed","ping_status":"closed","sticky":false,"template":"","format":"standard","meta":{"footnotes":""},"categories":[253,436],"tags":[],"class_list":["post-190969","post","type-post","status-publish","format-standard","has-post-thumbnail","hentry","category-cidade","category-destaque-da-semana"],"_links":{"self":[{"href":"https:\/\/diarioregionaldigital.com.br\/index.php?rest_route=\/wp\/v2\/posts\/190969","targetHints":{"allow":["GET"]}}],"collection":[{"href":"https:\/\/diarioregionaldigital.com.br\/index.php?rest_route=\/wp\/v2\/posts"}],"about":[{"href":"https:\/\/diarioregionaldigital.com.br\/index.php?rest_route=\/wp\/v2\/types\/post"}],"author":[{"embeddable":true,"href":"https:\/\/diarioregionaldigital.com.br\/index.php?rest_route=\/wp\/v2\/users\/246"}],"replies":[{"embeddable":true,"href":"https:\/\/diarioregionaldigital.com.br\/index.php?rest_route=%2Fwp%2Fv2%2Fcomments&post=190969"}],"version-history":[{"count":1,"href":"https:\/\/diarioregionaldigital.com.br\/index.php?rest_route=\/wp\/v2\/posts\/190969\/revisions"}],"predecessor-version":[{"id":190971,"href":"https:\/\/diarioregionaldigital.com.br\/index.php?rest_route=\/wp\/v2\/posts\/190969\/revisions\/190971"}],"wp:featuredmedia":[{"embeddable":true,"href":"https:\/\/diarioregionaldigital.com.br\/index.php?rest_route=\/wp\/v2\/media\/190970"}],"wp:attachment":[{"href":"https:\/\/diarioregionaldigital.com.br\/index.php?rest_route=%2Fwp%2Fv2%2Fmedia&parent=190969"}],"wp:term":[{"taxonomy":"category","embeddable":true,"href":"https:\/\/diarioregionaldigital.com.br\/index.php?rest_route=%2Fwp%2Fv2%2Fcategories&post=190969"},{"taxonomy":"post_tag","embeddable":true,"href":"https:\/\/diarioregionaldigital.com.br\/index.php?rest_route=%2Fwp%2Fv2%2Ftags&post=190969"}],"curies":[{"name":"wp","href":"https:\/\/api.w.org\/{rel}","templated":true}]}}