{"id":190966,"date":"2021-11-11T20:30:00","date_gmt":"2021-11-11T23:30:00","guid":{"rendered":"https:\/\/diarioregionaldigital.com.br\/?p=190966"},"modified":"2021-11-11T20:30:00","modified_gmt":"2021-11-11T23:30:00","slug":"veja-como-fica-o-funcionamento-da-pjf-no-feriado-da-proclamacao-da-republica","status":"publish","type":"post","link":"https:\/\/diarioregionaldigital.com.br\/?p=190966","title":{"rendered":"Veja como fica o funcionamento da PJF no feriado da Proclama\u00e7\u00e3o da Rep\u00fablica"},"content":{"rendered":"<p>Segundo informa\u00e7\u00f5es do site da prefeitura de Juiz de Fora,\u00a0 em fun\u00e7\u00e3o do feriado da Proclama\u00e7\u00e3o da Rep\u00fablica, na segunda-feira, 15, os servi\u00e7os da Prefeitura de Juiz de Fora ter\u00e3o altera\u00e7\u00f5es. Veja como ser\u00e1 o funcionamento:<\/p>\n<p><b>Companhia de Saneamento Municipal (Cesama):<\/b>\u00a0No dia 15 de novembro, a Cesama funciona em esquema de plant\u00e3o, com atendimento pelo 115, que funciona 24 horas por dia.<\/p>\n<p><b>Departamento Municipal de Limpeza Urbana (Demlurb):<\/b>\u00a0As coletas de lixo domiciliar e seletiva ser\u00e3o interrompidas no dia 15 de novembro e retornam na ter\u00e7a-feira.<\/p>\n<p><b>Mercado Municipal:<\/b>\u00a0Funcionar\u00e1 na segunda-feira, 15 de novembro, das 8h \u00e0s 12h.<\/p>\n<p><b>Feiras livres:<\/b>\u00a0N\u00e3o h\u00e1 feiras \u00e0s segundas.<\/p>\n<p><b>Restaurante Popular:<\/b>\u00a0N\u00e3o haver\u00e1 funcionamento no feriado.<\/p>\n<p><b>Guarda Municipal (GM):<\/b>\u00a0Na segunda-feira, 15, haver\u00e1 equipes na ronda preventiva e na Central de Atendimento, que poder\u00e1 ser contatada pelo 153.<\/p>\n<p><b>Agentes de Transporte e Tr\u00e2nsito:<\/b>\u00a0Equipes de plant\u00e3o podendo ser acionados pelo telefone 2104-7400.<\/p>\n<p><b>Sa\u00fade:<\/b>\u00a0No dia 15 de novembro, segunda-feira, as unidades de urg\u00eancia e emerg\u00eancia funcionam normalmente, 24 horas, assim como a central de regula\u00e7\u00e3o de vagas hospitalares. Unidades b\u00e1sicas e demais ambulat\u00f3rios da aten\u00e7\u00e3o prim\u00e1ria voltam com as atividades na ter\u00e7a-feira, bem como as farm\u00e1cias central e oeste.<\/p>\n<p><b>Defesa Civil:<\/b>\u00a0Atendimento pelo plant\u00e3o 24 horas, atrav\u00e9s do n\u00famero 199, al\u00e9m de uma equipe para vistorias de emerg\u00eancia.<\/p>\n<p><b>Assist\u00eancia Social:<\/b>\u00a0No dia 15 de novembro, funcionar\u00e3o normalmente os servi\u00e7os da Casa de Passagem para Mulheres; Centro de Passagem para Homens, Acolhimento Institucional de Crian\u00e7as, Adolescentes, Adultos e de Idosos, Casa Cem, Casa Dilermando Cruz, Casa da Cidadania, Casa Santa Luzia, al\u00e9m do Centro Pop. O Servi\u00e7o de Abordagem Social tamb\u00e9m funciona das 7h \u00e0s 19h. J\u00e1 os conselhos tutelares funcionar\u00e3o em esquema de plant\u00e3o, pelos telefones: Sul\/Oeste: 99939-9073; Centro\/Norte: 99939-8073; Leste: 99939-9373. Os centros Especializado de Assist\u00eancia Social (Creas) e de Refer\u00eancia de Assist\u00eancia Social (Cras) e Servi\u00e7os de Fortalecimento de V\u00ednculos n\u00e3o funcionar\u00e3o.<\/p>\n<p><b>Funalfa:<\/b>\u00a0A Funalfa e todos os \u00f3rg\u00e3os geridos por ela, permanecer\u00e3o fechados no dia 15 de novembro.<\/p>\n<p><b>Parque Municipal:<\/b>\u00a0Funcionamento no dia 15 de novembro das 8h \u00e0s 17h, com entrada permitida at\u00e9 as 16h mediante comprova\u00e7\u00e3o de vacina\u00e7\u00e3o. N\u00e3o abrir\u00e1 na ter\u00e7a-feira, 16, para que se realize manuten\u00e7\u00e3o.<\/p>\n<p><b>Museu:<\/b>\u00a0N\u00e3o haver\u00e1 funcionamento no dia 15 de novembro.<\/p>\n<p><b>Espa\u00e7o cidade:<\/b>\u00a0Funcionar\u00e1 na segunda-feira, 15 novembro, das 10h \u00e0s 14h.<\/p>\n","protected":false},"excerpt":{"rendered":"<p>Segundo informa\u00e7\u00f5es do site da prefeitura de Juiz de Fora,\u00a0 em fun\u00e7\u00e3o do feriado da Proclama\u00e7\u00e3o da Rep\u00fablica, na segunda-feira, 15, os servi\u00e7os da Prefeitura de Juiz de Fora ter\u00e3o altera\u00e7\u00f5es. Veja como ser\u00e1 o funcionamento: Companhia de Saneamento Municipal (Cesama):\u00a0No dia 15 de novembro, a Cesama funciona em esquema de plant\u00e3o, com atendimento pelo [&hellip;]<\/p>\n","protected":false},"author":246,"featured_media":190967,"comment_status":"closed","ping_status":"closed","sticky":false,"template":"","format":"standard","meta":{"footnotes":""},"categories":[253,436],"tags":[],"class_list":["post-190966","post","type-post","status-publish","format-standard","has-post-thumbnail","hentry","category-cidade","category-destaque-da-semana"],"_links":{"self":[{"href":"https:\/\/diarioregionaldigital.com.br\/index.php?rest_route=\/wp\/v2\/posts\/190966","targetHints":{"allow":["GET"]}}],"collection":[{"href":"https:\/\/diarioregionaldigital.com.br\/index.php?rest_route=\/wp\/v2\/posts"}],"about":[{"href":"https:\/\/diarioregionaldigital.com.br\/index.php?rest_route=\/wp\/v2\/types\/post"}],"author":[{"embeddable":true,"href":"https:\/\/diarioregionaldigital.com.br\/index.php?rest_route=\/wp\/v2\/users\/246"}],"replies":[{"embeddable":true,"href":"https:\/\/diarioregionaldigital.com.br\/index.php?rest_route=%2Fwp%2Fv2%2Fcomments&post=190966"}],"version-history":[{"count":1,"href":"https:\/\/diarioregionaldigital.com.br\/index.php?rest_route=\/wp\/v2\/posts\/190966\/revisions"}],"predecessor-version":[{"id":190968,"href":"https:\/\/diarioregionaldigital.com.br\/index.php?rest_route=\/wp\/v2\/posts\/190966\/revisions\/190968"}],"wp:featuredmedia":[{"embeddable":true,"href":"https:\/\/diarioregionaldigital.com.br\/index.php?rest_route=\/wp\/v2\/media\/190967"}],"wp:attachment":[{"href":"https:\/\/diarioregionaldigital.com.br\/index.php?rest_route=%2Fwp%2Fv2%2Fmedia&parent=190966"}],"wp:term":[{"taxonomy":"category","embeddable":true,"href":"https:\/\/diarioregionaldigital.com.br\/index.php?rest_route=%2Fwp%2Fv2%2Fcategories&post=190966"},{"taxonomy":"post_tag","embeddable":true,"href":"https:\/\/diarioregionaldigital.com.br\/index.php?rest_route=%2Fwp%2Fv2%2Ftags&post=190966"}],"curies":[{"name":"wp","href":"https:\/\/api.w.org\/{rel}","templated":true}]}}