{"id":190947,"date":"2021-11-11T19:59:10","date_gmt":"2021-11-11T22:59:10","guid":{"rendered":"https:\/\/diarioregionaldigital.com.br\/?p=190947"},"modified":"2021-11-11T19:59:10","modified_gmt":"2021-11-11T22:59:10","slug":"vasco-anuncia-saida-do-tecnico-fernando-diniz","status":"publish","type":"post","link":"https:\/\/diarioregionaldigital.com.br\/?p=190947","title":{"rendered":"Vasco anuncia sa\u00edda do t\u00e9cnico Fernando Diniz"},"content":{"rendered":"<p>Um dia perder de 3 a 0 para o Goi\u00e1s e ver acabarem as chances de acesso \u00e0 S\u00e9rie A do Campeonato Brasileiro, o Vasco anunciou nesta quinta-feira (11) as primeiras mudan\u00e7as em seu departamento de futebol, com destaque para a sa\u00edda do t\u00e9cnico Fernando Diniz e do diretor executivo de futebol Alexandre P\u00e1ssaro.<img decoding=\"async\" src=\"https:\/\/agenciabrasil.ebc.com.br\/ebc.png?id=1427336&amp;o=node\" \/><img decoding=\"async\" src=\"https:\/\/agenciabrasil.ebc.com.br\/ebc.gif?id=1427336&amp;o=node\" \/><\/p>\n<p>Desta forma, o Cruzmaltino disputar\u00e1 os tr\u00eas \u00faltimos jogos da S\u00e9rie B do Brasileiro com sua comiss\u00e3o permanente, que \u00e9 \u201cliderada pelo assistente t\u00e9cnico F\u00e1bio Cortez\u201d.<\/p>\n<p>\u201cO clube vai ao mercado para recompor sua equipe t\u00e9cnica do departamento de futebol\u201d, afirma o Vasco em\u00a0<a href=\"https:\/\/vasco.com.br\/reestruturacao-do-departamento-de-futebol\/\">comunicado<\/a>.<\/p>\n<p><span style=\"font-weight: 400;\">Fonte: Ag\u00eancia Brasil <\/span><\/p>\n","protected":false},"excerpt":{"rendered":"<p>Um dia perder de 3 a 0 para o Goi\u00e1s e ver acabarem as chances de acesso \u00e0 S\u00e9rie A do Campeonato Brasileiro, o Vasco anunciou nesta quinta-feira (11) as primeiras mudan\u00e7as em seu departamento de futebol, com destaque para a sa\u00edda do t\u00e9cnico Fernando Diniz e do diretor executivo de futebol Alexandre P\u00e1ssaro. Desta [&hellip;]<\/p>\n","protected":false},"author":246,"featured_media":190948,"comment_status":"closed","ping_status":"closed","sticky":false,"template":"","format":"standard","meta":{"footnotes":""},"categories":[436,440,257,439],"tags":[],"class_list":["post-190947","post","type-post","status-publish","format-standard","has-post-thumbnail","hentry","category-destaque-da-semana","category-destaques-do-dia","category-esporte","category-ultima-hora"],"_links":{"self":[{"href":"https:\/\/diarioregionaldigital.com.br\/index.php?rest_route=\/wp\/v2\/posts\/190947","targetHints":{"allow":["GET"]}}],"collection":[{"href":"https:\/\/diarioregionaldigital.com.br\/index.php?rest_route=\/wp\/v2\/posts"}],"about":[{"href":"https:\/\/diarioregionaldigital.com.br\/index.php?rest_route=\/wp\/v2\/types\/post"}],"author":[{"embeddable":true,"href":"https:\/\/diarioregionaldigital.com.br\/index.php?rest_route=\/wp\/v2\/users\/246"}],"replies":[{"embeddable":true,"href":"https:\/\/diarioregionaldigital.com.br\/index.php?rest_route=%2Fwp%2Fv2%2Fcomments&post=190947"}],"version-history":[{"count":1,"href":"https:\/\/diarioregionaldigital.com.br\/index.php?rest_route=\/wp\/v2\/posts\/190947\/revisions"}],"predecessor-version":[{"id":190949,"href":"https:\/\/diarioregionaldigital.com.br\/index.php?rest_route=\/wp\/v2\/posts\/190947\/revisions\/190949"}],"wp:featuredmedia":[{"embeddable":true,"href":"https:\/\/diarioregionaldigital.com.br\/index.php?rest_route=\/wp\/v2\/media\/190948"}],"wp:attachment":[{"href":"https:\/\/diarioregionaldigital.com.br\/index.php?rest_route=%2Fwp%2Fv2%2Fmedia&parent=190947"}],"wp:term":[{"taxonomy":"category","embeddable":true,"href":"https:\/\/diarioregionaldigital.com.br\/index.php?rest_route=%2Fwp%2Fv2%2Fcategories&post=190947"},{"taxonomy":"post_tag","embeddable":true,"href":"https:\/\/diarioregionaldigital.com.br\/index.php?rest_route=%2Fwp%2Fv2%2Ftags&post=190947"}],"curies":[{"name":"wp","href":"https:\/\/api.w.org\/{rel}","templated":true}]}}