{"id":190733,"date":"2021-11-08T16:20:00","date_gmt":"2021-11-08T19:20:00","guid":{"rendered":"https:\/\/diarioregionaldigital.com.br\/?p=190733"},"modified":"2021-11-08T16:20:00","modified_gmt":"2021-11-08T19:20:00","slug":"selecao-gabriel-magalhaes-e-convocado-para-lugar-de-lucas-verissimo","status":"publish","type":"post","link":"https:\/\/diarioregionaldigital.com.br\/?p=190733","title":{"rendered":"Sele\u00e7\u00e3o: Gabriel Magalh\u00e3es \u00e9 convocado para lugar de Lucas Ver\u00edssimo"},"content":{"rendered":"<p>O t\u00e9cnico Tite convocou o zagueiro Gabriel Magalh\u00e3es,\u00a0do Arsenal, para o lugar de Lucas Ver\u00edssimo, nos\u00a0pr\u00f3ximos dois duelos da sele\u00e7\u00e3o nas Eliminat\u00f3rias Sul-Americanas para a Copa do Catar.\u00a0Ver\u00edssimo foi desconvocado nesta segunda-feira (8), ap\u00f3s o Benfica confirmar que\u00a0o atleta\u00a0ser\u00e1 submetido a uma interven\u00e7\u00e3o cir\u00fargica no joelho direito. Neste domingo (7\u00a0), o zagueiro sofreu uma grave\u00a0entorse em duelo contra o Braga pelo Campeonato Portugu\u00eas. Segundo o clube, ap\u00f3s a cirurgia ele\u00a0passar\u00e1 por um per\u00edodo prolongado de reabilita\u00e7\u00e3o e n\u00e3o voltar\u00e1 a jogar mais nesta temporada.<img decoding=\"async\" src=\"https:\/\/agenciabrasil.ebc.com.br\/ebc.png?id=1426871&amp;o=node\" \/><img decoding=\"async\" src=\"https:\/\/agenciabrasil.ebc.com.br\/ebc.gif?id=1426871&amp;o=node\" \/><\/p>\n<p>Esta \u00e9 a primeira convoca\u00e7\u00e3o de Gabriel, de 23 anos, para integrar a sele\u00e7\u00e3o brasileira. Na pr\u00f3xima quinta (11) o Brasil encara a Col\u00f4mbia, em S\u00e3o Paulo, e no dia 16 enfrenta a Argentina, fora de casa.<\/p>\n<p>O t\u00e9cnico Tite ainda n\u00e3o se pronunciou sobre um poss\u00edvel substituto para a posi\u00e7\u00e3o de Ver\u00edssimo. Na noite deste domingo (7), o treinador recepcionou os primeiros jogadores que se apresentaram \u00e0 concentra\u00e7\u00e3o da sele\u00e7\u00e3o, em Guarulhos (SP). Entre eles o meio-campista Philippe Coutinho, do Barcelona.O primeiro treino preparat\u00f3rio ser\u00e1 hoje (8), \u00e0s 16h (hor\u00e1rio de Bras\u00edlia), no Centro de Treinamento do Corinthians.<\/p>\n<p>O Brasil lidera a tabela de classifica\u00e7\u00e3o das Eliminat\u00f3rias e est\u00e1 perto de confirmar a vaga na Copa do Catar 2022. Em 11 jogos disputados at\u00e9 o momento, o Brasil soma at\u00e9 o momento dez vit\u00f3rias e um empate. Tem 31 pontos, seis a mais que a Argentina, segunda colocada. Na terceira posi\u00e7\u00e3o est\u00e1 o Equador (17 pontos) e em quarto a Col\u00f4mbia (16).<\/p>\n<p><span style=\"font-weight: 400;\">Fonte: Ag\u00eancia Brasil <\/span><\/p>\n","protected":false},"excerpt":{"rendered":"<p>O t\u00e9cnico Tite convocou o zagueiro Gabriel Magalh\u00e3es,\u00a0do Arsenal, para o lugar de Lucas Ver\u00edssimo, nos\u00a0pr\u00f3ximos dois duelos da sele\u00e7\u00e3o nas Eliminat\u00f3rias Sul-Americanas para a Copa do Catar.\u00a0Ver\u00edssimo foi desconvocado nesta segunda-feira (8), ap\u00f3s o Benfica confirmar que\u00a0o atleta\u00a0ser\u00e1 submetido a uma interven\u00e7\u00e3o cir\u00fargica no joelho direito. Neste domingo (7\u00a0), o zagueiro sofreu uma grave\u00a0entorse [&hellip;]<\/p>\n","protected":false},"author":246,"featured_media":190734,"comment_status":"closed","ping_status":"closed","sticky":false,"template":"","format":"standard","meta":{"footnotes":""},"categories":[436,440,257],"tags":[],"class_list":["post-190733","post","type-post","status-publish","format-standard","has-post-thumbnail","hentry","category-destaque-da-semana","category-destaques-do-dia","category-esporte"],"_links":{"self":[{"href":"https:\/\/diarioregionaldigital.com.br\/index.php?rest_route=\/wp\/v2\/posts\/190733","targetHints":{"allow":["GET"]}}],"collection":[{"href":"https:\/\/diarioregionaldigital.com.br\/index.php?rest_route=\/wp\/v2\/posts"}],"about":[{"href":"https:\/\/diarioregionaldigital.com.br\/index.php?rest_route=\/wp\/v2\/types\/post"}],"author":[{"embeddable":true,"href":"https:\/\/diarioregionaldigital.com.br\/index.php?rest_route=\/wp\/v2\/users\/246"}],"replies":[{"embeddable":true,"href":"https:\/\/diarioregionaldigital.com.br\/index.php?rest_route=%2Fwp%2Fv2%2Fcomments&post=190733"}],"version-history":[{"count":1,"href":"https:\/\/diarioregionaldigital.com.br\/index.php?rest_route=\/wp\/v2\/posts\/190733\/revisions"}],"predecessor-version":[{"id":190735,"href":"https:\/\/diarioregionaldigital.com.br\/index.php?rest_route=\/wp\/v2\/posts\/190733\/revisions\/190735"}],"wp:featuredmedia":[{"embeddable":true,"href":"https:\/\/diarioregionaldigital.com.br\/index.php?rest_route=\/wp\/v2\/media\/190734"}],"wp:attachment":[{"href":"https:\/\/diarioregionaldigital.com.br\/index.php?rest_route=%2Fwp%2Fv2%2Fmedia&parent=190733"}],"wp:term":[{"taxonomy":"category","embeddable":true,"href":"https:\/\/diarioregionaldigital.com.br\/index.php?rest_route=%2Fwp%2Fv2%2Fcategories&post=190733"},{"taxonomy":"post_tag","embeddable":true,"href":"https:\/\/diarioregionaldigital.com.br\/index.php?rest_route=%2Fwp%2Fv2%2Ftags&post=190733"}],"curies":[{"name":"wp","href":"https:\/\/api.w.org\/{rel}","templated":true}]}}