{"id":190726,"date":"2021-11-08T16:12:04","date_gmt":"2021-11-08T19:12:04","guid":{"rendered":"https:\/\/diarioregionaldigital.com.br\/?p=190726"},"modified":"2021-11-08T16:12:04","modified_gmt":"2021-11-08T19:12:04","slug":"destino-minas-gerais-e-destaque-em-evento-em-portugal","status":"publish","type":"post","link":"https:\/\/diarioregionaldigital.com.br\/?p=190726","title":{"rendered":"Destino Minas Gerais \u00e9 destaque em evento em Portugal"},"content":{"rendered":"<p dir=\"ltr\">Minas Gerais ser\u00e1 destaque na Conven\u00e7\u00e3o dos Munic\u00edpios Brasileiros, entre os dias 10 e 13\/11, em Lisboa, Portugal. O estado ser\u00e1 representado pela\u00a0<a href=\"https:\/\/www.secult.mg.gov.br\/\">Secretaria de Cultura e Turismo (Secult)<\/a>. O evento busca divulgar o potencial tur\u00edstico de estados e munic\u00edpios brasileiros diretamente ao p\u00fablico europeu, por meio de Portugal, porta de entrada do Brasil na Europa.<\/p>\n<p dir=\"ltr\">Al\u00e9m da apresenta\u00e7\u00e3o de paisagens, patrim\u00f4nios hist\u00f3ricos, cultura e atrativos tur\u00edsticos de Minas Gerais, um dos pontos altos do evento ser\u00e1 o jantar de abertura, para promover a internacionaliza\u00e7\u00e3o da comida e da cultura mineira. Os pratos s\u00e3o assinados pelo chef \u00c9dson Puiati e o jantar \u00e9 organizado pela C\u00e2mara de Dirigentes Lojistas de Belo Horizonte (CDL-BH) em parceria com a Secult.<\/p>\n<p dir=\"ltr\"><strong>Reviva Turismo<\/strong><\/p>\n<p dir=\"ltr\">O evento, que tamb\u00e9m celebra o Bicenten\u00e1rio de Independ\u00eancia do Brasil, ser\u00e1 uma oportunidade de apresentar o potencial tur\u00edstico mineiro para empresas portuguesas e europeias do segmento. A Conven\u00e7\u00e3o dos Munic\u00edpios Brasileiros possibilitar\u00e1 interlocu\u00e7\u00e3o direta por meio de feira de neg\u00f3cios, encontro com investidores e troca de experi\u00eancias.<\/p>\n<p dir=\"ltr\">Minas ter\u00e1 um estande de divulga\u00e7\u00e3o, como parte das a\u00e7\u00f5es do Programa Reviva Turismo. Participam do evento o secret\u00e1rio de Estado de Cultura e Turismo, Le\u00f4nidas Oliveira, representantes das secretarias de Turismo de Governador Valadares, Brumadinho, da Associa\u00e7\u00e3o das Cidades Hist\u00f3ricas Mineiras, al\u00e9m de empres\u00e1rios do ramo tur\u00edstico, da CDL-BH e da Embaixada do Brasil em Portugal. Os munic\u00edpios de Capit\u00f3lio e Po\u00e7os de Caldas tamb\u00e9m ter\u00e3o estandes.<\/p>\n<p dir=\"ltr\">Le\u00f4nidas Oliveira ressalta que a presen\u00e7a na conven\u00e7\u00e3o \u00e9 um investimento na atra\u00e7\u00e3o de visitantes para o estado. \u201c\u00c9 um momento hist\u00f3rico de refor\u00e7ar Minas para o mundo e fortalecer a mineiridade. Portugal \u00e9 o segundo pa\u00eds que mais envia turistas para Minas Gerais e \u00e9 a porta de entrada para Europa, principalmente com voos diretos, entre Minas e Portugal. Al\u00e9m disso, o estado tem muitos patrim\u00f4nios hist\u00f3ricos com refer\u00eancia direta \u00e0 coloniza\u00e7\u00e3o portuguesa\u201d, explica.<\/p>\n<p dir=\"ltr\"><strong>Troca de conhecimentos<\/strong><\/p>\n<p dir=\"ltr\">Durante a Conven\u00e7\u00e3o est\u00e1 prevista a assinatura do protocolo de inten\u00e7\u00f5es entre a\u00a0<a href=\"http:\/\/www.faop.mg.gov.br\/\">Funda\u00e7\u00e3o de Arte de Ouro Preto (Faop)<\/a>, vinculada \u00e0 Secult, e o Instituto de Forma\u00e7\u00e3o dos Pa\u00edses de L\u00edngua Oficial Portuguesa (IF\/CE-CPLP). O objetivo \u00e9 promover a\u00e7\u00f5es conjuntas de Extens\u00e3o no campo da Cultura.<\/p>\n<p dir=\"ltr\"><strong>Investimento<\/strong><\/p>\n<p dir=\"ltr\">Um estudo realizado pela Funda\u00e7\u00e3o Get\u00falio Vargas (FGV) aponta que a cada R$ 1 investido em promo\u00e7\u00e3o internacional, R$ 17,60 retornam em impacto econ\u00f4mico positivo para o destino e R$ 1,35 voltam em tributos.<\/p>\n<p dir=\"ltr\">Segundo a idealizadora da conven\u00e7\u00e3o, Maristela Valadares, o momento \u00e9 oportuno para a exporta\u00e7\u00e3o da identidade cultural e gastron\u00f4mica brasileira em territ\u00f3rio lusitano, mostrando por que o pa\u00eds \u00e9 um dos destinos mais procurados do mundo.<\/p>\n<p dir=\"ltr\">\u201cO evento marca este rein\u00edcio, estamos vendo a economia aquecer de novo, juntamente com o turismo. \u00c9 um momento ideal, j\u00e1 que a maioria das pessoas est\u00e1 vacinada e o ver\u00e3o europeu permite mais socializa\u00e7\u00e3o, sem deixar de lado as medidas de preven\u00e7\u00e3o. Pretendemos divulgar, diretamente ao p\u00fablico-alvo, toda a potencialidade tur\u00edstica dos estados e munic\u00edpios participantes que, inclusive, poder\u00e3o expor seus produtos na feira\u201d, diz.<\/p>\n<p dir=\"ltr\">A retomada do turismo p\u00f3s-pandemia indica a procura de locais de baixa concentra\u00e7\u00e3o de pessoas e, principalmente, com atividades ao ar livre. \u201cA diversidade de paisagens, culturas e tradi\u00e7\u00f5es proporcionadas pelo Brasil faz com que o p\u00fablico europeu possa aproveitar praias, florestas, passeios culturais em cidades hist\u00f3ricas, gastronomia e as belezas naturais de cachoeiras, rios e montanhas\u201d, observa Maristela Valadares.<\/p>\n<p><span style=\"font-weight: 400;\">Fonte: Ag\u00eancia Minas <\/span><\/p>\n","protected":false},"excerpt":{"rendered":"<p>Minas Gerais ser\u00e1 destaque na Conven\u00e7\u00e3o dos Munic\u00edpios Brasileiros, entre os dias 10 e 13\/11, em Lisboa, Portugal. O estado ser\u00e1 representado pela\u00a0Secretaria de Cultura e Turismo (Secult). O evento busca divulgar o potencial tur\u00edstico de estados e munic\u00edpios brasileiros diretamente ao p\u00fablico europeu, por meio de Portugal, porta de entrada do Brasil na Europa. [&hellip;]<\/p>\n","protected":false},"author":246,"featured_media":190727,"comment_status":"closed","ping_status":"closed","sticky":false,"template":"","format":"standard","meta":{"footnotes":""},"categories":[436,254,252],"tags":[],"class_list":["post-190726","post","type-post","status-publish","format-standard","has-post-thumbnail","hentry","category-destaque-da-semana","category-politica","category-regiao"],"_links":{"self":[{"href":"https:\/\/diarioregionaldigital.com.br\/index.php?rest_route=\/wp\/v2\/posts\/190726","targetHints":{"allow":["GET"]}}],"collection":[{"href":"https:\/\/diarioregionaldigital.com.br\/index.php?rest_route=\/wp\/v2\/posts"}],"about":[{"href":"https:\/\/diarioregionaldigital.com.br\/index.php?rest_route=\/wp\/v2\/types\/post"}],"author":[{"embeddable":true,"href":"https:\/\/diarioregionaldigital.com.br\/index.php?rest_route=\/wp\/v2\/users\/246"}],"replies":[{"embeddable":true,"href":"https:\/\/diarioregionaldigital.com.br\/index.php?rest_route=%2Fwp%2Fv2%2Fcomments&post=190726"}],"version-history":[{"count":1,"href":"https:\/\/diarioregionaldigital.com.br\/index.php?rest_route=\/wp\/v2\/posts\/190726\/revisions"}],"predecessor-version":[{"id":190728,"href":"https:\/\/diarioregionaldigital.com.br\/index.php?rest_route=\/wp\/v2\/posts\/190726\/revisions\/190728"}],"wp:featuredmedia":[{"embeddable":true,"href":"https:\/\/diarioregionaldigital.com.br\/index.php?rest_route=\/wp\/v2\/media\/190727"}],"wp:attachment":[{"href":"https:\/\/diarioregionaldigital.com.br\/index.php?rest_route=%2Fwp%2Fv2%2Fmedia&parent=190726"}],"wp:term":[{"taxonomy":"category","embeddable":true,"href":"https:\/\/diarioregionaldigital.com.br\/index.php?rest_route=%2Fwp%2Fv2%2Fcategories&post=190726"},{"taxonomy":"post_tag","embeddable":true,"href":"https:\/\/diarioregionaldigital.com.br\/index.php?rest_route=%2Fwp%2Fv2%2Ftags&post=190726"}],"curies":[{"name":"wp","href":"https:\/\/api.w.org\/{rel}","templated":true}]}}