{"id":190722,"date":"2021-11-08T16:09:24","date_gmt":"2021-11-08T19:09:24","guid":{"rendered":"https:\/\/diarioregionaldigital.com.br\/?p=190722"},"modified":"2021-11-08T16:09:47","modified_gmt":"2021-11-08T19:09:47","slug":"romeu-zema-anuncia-o-repasse-de-r-2-milhoes-para-melhorias-no-campus-da-ufv-em-rio-paranaiba","status":"publish","type":"post","link":"https:\/\/diarioregionaldigital.com.br\/?p=190722","title":{"rendered":"Romeu Zema anuncia o repasse de R$ 2 milh\u00f5es para melhorias no campus da UFV em Rio Parana\u00edba"},"content":{"rendered":"<p>O governador Romeu Zema anunciou, nesta sexta-feira (5\/11), em Rio Parana\u00edba, na regi\u00e3o do Alto Parana\u00edba, o repasse de mais de R$ 2 milh\u00f5es para o campus da Universidade Federal de Vi\u00e7osa (UFV) no munic\u00edpio. Ao todo, o\u00a0<a href=\"http:\/\/www.mg.gov.br\/\" target=\"_blank\" rel=\"noopener\">Governo de Minas<\/a>\u00a0ir\u00e1 repassar R$ 128 milh\u00f5es \u00e0 UFV para execu\u00e7\u00e3o de 29 projetos da institui\u00e7\u00e3o.<\/p>\n<p>A iniciativa faz parte do Programa de Apoio \u00e0s Universidades Federais de Minas Gerais, apresentado em outubro, pelo governador, e que soma mais de R$ 500 milh\u00f5es em investimentos para dez institui\u00e7\u00f5es de ensino.<\/p>\n<p>O an\u00fancio foi feito durante encontro do governador com prefeitos e vereadores da regi\u00e3o. \u201cBuscamos com o programa maior integra\u00e7\u00e3o das universidades p\u00fablicas federais para desenvolver projetos e a\u00e7\u00f5es conjuntas com a educa\u00e7\u00e3o b\u00e1sica, al\u00e9m de promover a melhoria na qualidade de ensino. Queremos fortalecer a Educa\u00e7\u00e3o\u201d, destacou o governador.<\/p>\n<p><strong>Interven\u00e7\u00f5es<\/strong><\/p>\n<p>Dentre as obras, destaca-se a finaliza\u00e7\u00e3o do edif\u00edcio Multiuso, que favorecer\u00e1 a realiza\u00e7\u00e3o de eventos cient\u00edficos voltados para educa\u00e7\u00e3o b\u00e1sica e licenciatura, al\u00e9m da pr\u00e1tica de esportes de toda comunidade da cidade e regi\u00e3o.<\/p>\n<p>O campus contar\u00e1 tamb\u00e9m com a implanta\u00e7\u00e3o de salas de produ\u00e7\u00e3o de conte\u00fado educacional audiovisual. Ser\u00e1 constru\u00edda uma infraestrutura de produ\u00e7\u00e3o de conte\u00fado educacional audiovisual (videoaulas, podcast, anima\u00e7\u00f5es etc), nos campi de Rio Parana\u00edba e Florestal, para atender os cursos t\u00e9cnico profissionalizantes, gradua\u00e7\u00e3o, p\u00f3s-gradua\u00e7\u00e3o e extens\u00e3o, nas modalidades presenciais, semipresenciais e a dist\u00e2ncia.<\/p>\n<p>Esses conte\u00fados educacionais audiovisuais ser\u00e3o utilizados, principalmente, nos cursos voltados para a forma\u00e7\u00e3o continuada de profissionais da educa\u00e7\u00e3o b\u00e1sica e de servidores p\u00fablicos da educa\u00e7\u00e3o nos diversos projetos de ensino e extens\u00e3o.<\/p>\n<p><strong>Sa\u00fade<\/strong><\/p>\n<p>O governador tamb\u00e9m anunciou o repasse de verbas extras para o Hospital Maria Concei\u00e7\u00e3o, da ordem de R$ 254 mil por ano. \u201c\u00c9 mais uma forma de fortalecer o sistema de sa\u00fade do munic\u00edpio. Gradualmente estamos fazendo as corre\u00e7\u00f5es necess\u00e1rias\u201d, disse.<\/p>\n<p>Os recursos s\u00e3o do Valora Minas, programa que destina recurso para a amplia\u00e7\u00e3o do acesso \u00e0 sa\u00fade, melhoria na qualidade dos servi\u00e7os prestados, amplia\u00e7\u00e3o de leitos, oferta de novos servi\u00e7os e aumento da resolubilidade nos hospitais, principalmente nas especialidades m\u00e9dicas de m\u00e9dia complexidade.<\/p>\n<p><span style=\"font-weight: 400;\">Fonte: Ag\u00eancia Minas <\/span><\/p>\n","protected":false},"excerpt":{"rendered":"<p>O governador Romeu Zema anunciou, nesta sexta-feira (5\/11), em Rio Parana\u00edba, na regi\u00e3o do Alto Parana\u00edba, o repasse de mais de R$ 2 milh\u00f5es para o campus da Universidade Federal de Vi\u00e7osa (UFV) no munic\u00edpio. Ao todo, o\u00a0Governo de Minas\u00a0ir\u00e1 repassar R$ 128 milh\u00f5es \u00e0 UFV para execu\u00e7\u00e3o de 29 projetos da institui\u00e7\u00e3o. A iniciativa [&hellip;]<\/p>\n","protected":false},"author":246,"featured_media":190723,"comment_status":"closed","ping_status":"closed","sticky":false,"template":"","format":"standard","meta":{"footnotes":""},"categories":[436,254,252],"tags":[],"class_list":["post-190722","post","type-post","status-publish","format-standard","has-post-thumbnail","hentry","category-destaque-da-semana","category-politica","category-regiao"],"_links":{"self":[{"href":"https:\/\/diarioregionaldigital.com.br\/index.php?rest_route=\/wp\/v2\/posts\/190722","targetHints":{"allow":["GET"]}}],"collection":[{"href":"https:\/\/diarioregionaldigital.com.br\/index.php?rest_route=\/wp\/v2\/posts"}],"about":[{"href":"https:\/\/diarioregionaldigital.com.br\/index.php?rest_route=\/wp\/v2\/types\/post"}],"author":[{"embeddable":true,"href":"https:\/\/diarioregionaldigital.com.br\/index.php?rest_route=\/wp\/v2\/users\/246"}],"replies":[{"embeddable":true,"href":"https:\/\/diarioregionaldigital.com.br\/index.php?rest_route=%2Fwp%2Fv2%2Fcomments&post=190722"}],"version-history":[{"count":2,"href":"https:\/\/diarioregionaldigital.com.br\/index.php?rest_route=\/wp\/v2\/posts\/190722\/revisions"}],"predecessor-version":[{"id":190725,"href":"https:\/\/diarioregionaldigital.com.br\/index.php?rest_route=\/wp\/v2\/posts\/190722\/revisions\/190725"}],"wp:featuredmedia":[{"embeddable":true,"href":"https:\/\/diarioregionaldigital.com.br\/index.php?rest_route=\/wp\/v2\/media\/190723"}],"wp:attachment":[{"href":"https:\/\/diarioregionaldigital.com.br\/index.php?rest_route=%2Fwp%2Fv2%2Fmedia&parent=190722"}],"wp:term":[{"taxonomy":"category","embeddable":true,"href":"https:\/\/diarioregionaldigital.com.br\/index.php?rest_route=%2Fwp%2Fv2%2Fcategories&post=190722"},{"taxonomy":"post_tag","embeddable":true,"href":"https:\/\/diarioregionaldigital.com.br\/index.php?rest_route=%2Fwp%2Fv2%2Ftags&post=190722"}],"curies":[{"name":"wp","href":"https:\/\/api.w.org\/{rel}","templated":true}]}}