{"id":190719,"date":"2021-11-08T16:06:04","date_gmt":"2021-11-08T19:06:04","guid":{"rendered":"https:\/\/diarioregionaldigital.com.br\/?p=190719"},"modified":"2021-11-08T16:06:04","modified_gmt":"2021-11-08T19:06:04","slug":"minas-integra-reuniao-com-principe-charles-sobre-atracao-de-investimentos-sustentaveis-no-brasil","status":"publish","type":"post","link":"https:\/\/diarioregionaldigital.com.br\/?p=190719","title":{"rendered":"Minas integra reuni\u00e3o com pr\u00edncipe Charles sobre atra\u00e7\u00e3o de investimentos sustent\u00e1veis no Brasil"},"content":{"rendered":"<p>Minas Gerais esteve representada no encontro com o herdeiro da coroa brit\u00e2nica, pr\u00edncipe Charles, e autoridades do Reino Unido, para discutir potenciais investimentos em a\u00e7\u00f5es de mitiga\u00e7\u00e3o, adapta\u00e7\u00e3o e neutraliza\u00e7\u00e3o de emiss\u00e3o de gases de efeito estufa. A agenda ocorreu nessa quinta-feira (4\/11), durante a 26\u00aa Confer\u00eancia das Na\u00e7\u00f5es Unidas sobre Mudan\u00e7as Clim\u00e1ticas (COP26) em Glasgow, na Esc\u00f3cia.<\/p>\n<p>O\u00a0<a href=\"http:\/\/www.mg.gov.br\/\" target=\"_blank\" rel=\"noopener\">Governo do Estado<\/a>\u00a0foi representado pela secret\u00e1ria de Estado de\u00a0<a href=\"http:\/\/www.meioambiente.mg.gov.br\/\" target=\"_blank\" rel=\"noopener\">Meio Ambiente e Desenvolvimento Sustent\u00e1vel<\/a>, Mar\u00edlia Melo, que participou do evento junto a governadores brasileiros para discutir uma s\u00e9rie de projetos de infraestrutura e possibilidades de financiamento no Brasil, que possam auxiliar os Estados a alcan\u00e7arem os compromissos firmados na ades\u00e3o \u00e0 campanha RaceTo Zero.<\/p>\n<p>Durante a agenda, o pr\u00edncipe Charles falou aos representantes brasileiros sobre a possibilidade de levar ao pa\u00eds a mobiliza\u00e7\u00e3o para investimentos privados em mercados sustent\u00e1veis chamada de Iniciativa de Mercados Sustent\u00e1veis (SMI). A secret\u00e1ria Mar\u00edlia Melo destacou que no per\u00edodo que antecedeu a COP26 foi observada a lideran\u00e7a dos estados brasileiros, cidades e institui\u00e7\u00f5es do setor produtivo na ades\u00e3o \u00e0 campanha Race To Zero.<\/p>\n<p>No decorrer do encontro, Mar\u00edlia e os demais representantes brasileiros citaram as experi\u00eancias e apresentaram projetos feitos em cada unidade federativa. \u201cEntre os principais assuntos discutidos estiveram a restaura\u00e7\u00e3o florestal e a necessidade de ampliar a cobertura vegetal, al\u00e9m da instala\u00e7\u00e3o de infraestruturas resilientes. S\u00e3o temas de grande interesse do governo do Reino Unido para auxiliar cidades e estados em pa\u00edses em desenvolvimento no processo de adapta\u00e7\u00e3o e mitiga\u00e7\u00e3o das mudan\u00e7as clim\u00e1ticas\u201d, destacou.<\/p>\n<p>Al\u00e9m de Minas, participaram do encontro representantes do Rio Grande do Sul, Rio Grande do Norte, Mato Grosso, Esp\u00edrito Santo, S\u00e3o Paulo, Par\u00e1 e Pernambuco.<\/p>\n<p><strong>Parceria<\/strong><\/p>\n<p>Especificamente sobre Minas Gerais, o encontro com o pr\u00edncipe Charles foi uma oportunidade de estreitar a parceria j\u00e1 firmada com o Reino Unido. Em dezembro de 2020, o Estado foi o primeiro do Brasil a assinar acordo com o governo brit\u00e2nico em torno de uma agenda de desenvolvimento verde. O compromisso foi selado com a assinatura do Memorando de Entendimento entre o governo mineiro e o Reino Unido.<\/p>\n<p>O memorando formaliza a inten\u00e7\u00e3o de coopera\u00e7\u00e3o em mais \u00e1reas para promo\u00e7\u00e3o do desenvolvimento sustent\u00e1vel, uma vez que envolve as secretarias de Estado de Meio Ambiente (Semad),\u00a0<a href=\"http:\/\/www.desenvolvimento.mg.gov.br\/\" target=\"_blank\" rel=\"noopener\">Desenvolvimento Econ\u00f4mico (Sede)<\/a>, e de\u00a0<a href=\"http:\/\/www.agricultura.mg.gov.br\/\" target=\"_blank\" rel=\"noopener\">Agricultura, Pecu\u00e1ria e Abastecimento (Seapa)<\/a>, al\u00e9m da\u00a0<a href=\"http:\/\/www.feam.br\/\" target=\"_blank\" rel=\"noopener\">Funda\u00e7\u00e3o Estadual do Meio Ambiente (Feam)<\/a>\u00a0e do\u00a0<a href=\"http:\/\/www.ief.mg.gov.br\/\" target=\"_blank\" rel=\"noopener\">Instituto Estadual de Florestas (IEF)<\/a>.<\/p>\n<p>Com o desdobramento do acordo, ser\u00e3o estabelecidas a\u00e7\u00f5es voltadas ao enfrentamento dos efeitos das mudan\u00e7as clim\u00e1ticas, bem como \u00e0 transi\u00e7\u00e3o energ\u00e9tica e, a partir disso, elevar Minas Gerais a um Estado refer\u00eancia na tem\u00e1tica no Brasil.<\/p>\n<p><strong>COP 26<\/strong><\/p>\n<p>Al\u00e9m do encontro com o pr\u00edncipe Charles, outras agendas foram cumpridas nessa quinta-feira em Glasgow. Junto do presidente da Comiss\u00e3o de Meio Ambiente e Desenvolvimento Sustent\u00e1vel da Assembleia Legislativa de Minas Gerais (ALMG), Noraldino J\u00fanior, a comitiva mineira participou de reuni\u00f5es com \u00f3rg\u00e3os ambientais e parlamentares de localidades diferentes. A agenda buscou a atua\u00e7\u00e3o conjunta para a regulamenta\u00e7\u00e3o de pautas relacionadas \u00e0 mudan\u00e7a do clima e discuss\u00f5es de a\u00e7\u00f5es pr\u00e1ticas para o tema.<\/p>\n<p>J\u00e1 nesta sexta-feira (5\/11), a comitiva mineira teve agenda importante com representantes do InfoClima, parlamentares e do terceiro setor, incluindo o diretor da ONG SOS Mata Atl\u00e2ntica, M\u00e1rio Montovani.<\/p>\n<p><span style=\"font-weight: 400;\">Fonte: Ag\u00eancia Minas <\/span><\/p>\n","protected":false},"excerpt":{"rendered":"<p>Minas Gerais esteve representada no encontro com o herdeiro da coroa brit\u00e2nica, pr\u00edncipe Charles, e autoridades do Reino Unido, para discutir potenciais investimentos em a\u00e7\u00f5es de mitiga\u00e7\u00e3o, adapta\u00e7\u00e3o e neutraliza\u00e7\u00e3o de emiss\u00e3o de gases de efeito estufa. A agenda ocorreu nessa quinta-feira (4\/11), durante a 26\u00aa Confer\u00eancia das Na\u00e7\u00f5es Unidas sobre Mudan\u00e7as Clim\u00e1ticas (COP26) em [&hellip;]<\/p>\n","protected":false},"author":246,"featured_media":190720,"comment_status":"closed","ping_status":"closed","sticky":false,"template":"","format":"standard","meta":{"footnotes":""},"categories":[436,440,254],"tags":[],"class_list":["post-190719","post","type-post","status-publish","format-standard","has-post-thumbnail","hentry","category-destaque-da-semana","category-destaques-do-dia","category-politica"],"_links":{"self":[{"href":"https:\/\/diarioregionaldigital.com.br\/index.php?rest_route=\/wp\/v2\/posts\/190719","targetHints":{"allow":["GET"]}}],"collection":[{"href":"https:\/\/diarioregionaldigital.com.br\/index.php?rest_route=\/wp\/v2\/posts"}],"about":[{"href":"https:\/\/diarioregionaldigital.com.br\/index.php?rest_route=\/wp\/v2\/types\/post"}],"author":[{"embeddable":true,"href":"https:\/\/diarioregionaldigital.com.br\/index.php?rest_route=\/wp\/v2\/users\/246"}],"replies":[{"embeddable":true,"href":"https:\/\/diarioregionaldigital.com.br\/index.php?rest_route=%2Fwp%2Fv2%2Fcomments&post=190719"}],"version-history":[{"count":1,"href":"https:\/\/diarioregionaldigital.com.br\/index.php?rest_route=\/wp\/v2\/posts\/190719\/revisions"}],"predecessor-version":[{"id":190721,"href":"https:\/\/diarioregionaldigital.com.br\/index.php?rest_route=\/wp\/v2\/posts\/190719\/revisions\/190721"}],"wp:featuredmedia":[{"embeddable":true,"href":"https:\/\/diarioregionaldigital.com.br\/index.php?rest_route=\/wp\/v2\/media\/190720"}],"wp:attachment":[{"href":"https:\/\/diarioregionaldigital.com.br\/index.php?rest_route=%2Fwp%2Fv2%2Fmedia&parent=190719"}],"wp:term":[{"taxonomy":"category","embeddable":true,"href":"https:\/\/diarioregionaldigital.com.br\/index.php?rest_route=%2Fwp%2Fv2%2Fcategories&post=190719"},{"taxonomy":"post_tag","embeddable":true,"href":"https:\/\/diarioregionaldigital.com.br\/index.php?rest_route=%2Fwp%2Fv2%2Ftags&post=190719"}],"curies":[{"name":"wp","href":"https:\/\/api.w.org\/{rel}","templated":true}]}}