{"id":190698,"date":"2021-11-08T15:12:33","date_gmt":"2021-11-08T18:12:33","guid":{"rendered":"https:\/\/diarioregionaldigital.com.br\/?p=190698"},"modified":"2021-11-08T15:13:37","modified_gmt":"2021-11-08T18:13:37","slug":"policia-militar-atende-ocorrencia-de-homicidio-tentado-no-parque-das-aguas","status":"publish","type":"post","link":"https:\/\/diarioregionaldigital.com.br\/?p=190698","title":{"rendered":"Pol\u00edcia Militar atende ocorr\u00eancia no Parque das \u00c1guas"},"content":{"rendered":"<p>Na data de 07nov2021, por volta das 20h05min, a Pol\u00edcia Militar foi acionada via COPOM a comparecer na Rua Edite Machado Franck, no bairro Parque das \u00c1guas, para atendimento de uma ocorr\u00eancia de homic\u00eddio tentado. No local, segundo relatos de testemunhas, a v\u00edtima homem de 36 anos, foi alvejado por um disparo de arma de fogo na altura do queixo e socorrida ao Hospital de Pronto Socorro (HPS). O autor, um homem de 40 anos foi identificado e qualificado, fugiu ap\u00f3s o crime. A motiva\u00e7\u00e3o se deu depois uma discuss\u00e3o por conta da brincadeira de algumas crian\u00e7as na rua. Mesmo com intenso rastreamento pela Pol\u00edcia Militar, o autor ainda n\u00e3o foi localizado. V\u00edtima ficou internada para exames.<\/p>\n","protected":false},"excerpt":{"rendered":"<p>Na data de 07nov2021, por volta das 20h05min, a Pol\u00edcia Militar foi acionada via COPOM a comparecer na Rua Edite Machado Franck, no bairro Parque das \u00c1guas, para atendimento de uma ocorr\u00eancia de homic\u00eddio tentado. No local, segundo relatos de testemunhas, a v\u00edtima homem de 36 anos, foi alvejado por um disparo de arma de [&hellip;]<\/p>\n","protected":false},"author":246,"featured_media":190699,"comment_status":"closed","ping_status":"closed","sticky":false,"template":"","format":"standard","meta":{"footnotes":""},"categories":[301],"tags":[],"class_list":["post-190698","post","type-post","status-publish","format-standard","has-post-thumbnail","hentry","category-artigos-policiais"],"_links":{"self":[{"href":"https:\/\/diarioregionaldigital.com.br\/index.php?rest_route=\/wp\/v2\/posts\/190698","targetHints":{"allow":["GET"]}}],"collection":[{"href":"https:\/\/diarioregionaldigital.com.br\/index.php?rest_route=\/wp\/v2\/posts"}],"about":[{"href":"https:\/\/diarioregionaldigital.com.br\/index.php?rest_route=\/wp\/v2\/types\/post"}],"author":[{"embeddable":true,"href":"https:\/\/diarioregionaldigital.com.br\/index.php?rest_route=\/wp\/v2\/users\/246"}],"replies":[{"embeddable":true,"href":"https:\/\/diarioregionaldigital.com.br\/index.php?rest_route=%2Fwp%2Fv2%2Fcomments&post=190698"}],"version-history":[{"count":2,"href":"https:\/\/diarioregionaldigital.com.br\/index.php?rest_route=\/wp\/v2\/posts\/190698\/revisions"}],"predecessor-version":[{"id":190701,"href":"https:\/\/diarioregionaldigital.com.br\/index.php?rest_route=\/wp\/v2\/posts\/190698\/revisions\/190701"}],"wp:featuredmedia":[{"embeddable":true,"href":"https:\/\/diarioregionaldigital.com.br\/index.php?rest_route=\/wp\/v2\/media\/190699"}],"wp:attachment":[{"href":"https:\/\/diarioregionaldigital.com.br\/index.php?rest_route=%2Fwp%2Fv2%2Fmedia&parent=190698"}],"wp:term":[{"taxonomy":"category","embeddable":true,"href":"https:\/\/diarioregionaldigital.com.br\/index.php?rest_route=%2Fwp%2Fv2%2Fcategories&post=190698"},{"taxonomy":"post_tag","embeddable":true,"href":"https:\/\/diarioregionaldigital.com.br\/index.php?rest_route=%2Fwp%2Fv2%2Ftags&post=190698"}],"curies":[{"name":"wp","href":"https:\/\/api.w.org\/{rel}","templated":true}]}}