{"id":190691,"date":"2021-11-07T06:00:30","date_gmt":"2021-11-07T09:00:30","guid":{"rendered":"https:\/\/diarioregionaldigital.com.br\/?p=190691"},"modified":"2021-11-05T23:05:47","modified_gmt":"2021-11-06T02:05:47","slug":"o-poder-da-escrita","status":"publish","type":"post","link":"https:\/\/diarioregionaldigital.com.br\/?p=190691","title":{"rendered":"O poder da escrita"},"content":{"rendered":"<p>Uma das contribui\u00e7\u00f5es dos sum\u00e9rios para o desenvolvimento da Humanidade foi o seu sistema de escrita: uma s\u00e9rie de pictogramas (pequenos desenhos) faziam refer\u00eancia aos conceitos que pretendiam ser transmitidos. Da\u00ed se desenvolveu o conceito de ideograma, seguido pelo uso de sinais arbitr\u00e1rios para palavras e elementos fon\u00e9ticos ou de s\u00edmbolos que representavam o som de uma palavra ou de parte dela. Na China, os ideogramas proliferaram e foram padronizados. Em outras civiliza\u00e7\u00f5es, os sinais fon\u00e9ticos foram os \u00fanicos mantidos, a exemplo dos fen\u00edcios<a href=\"#_ftn1\" name=\"_ftnref1\">[1]<\/a>, que desde 1000 a.C. davam forma ao alfabeto que usamos hoje.<\/p>\n<p>Desde ent\u00e3o, a escrita vem sendo associada a civiliza\u00e7\u00e3o. A inven\u00e7\u00e3o, que convertia a palavra falada e tornava-a fixa e transmiss\u00edvel ao longo das gera\u00e7\u00f5es, era uma importante ferramenta, principalmente, para a \u00e1rdua tarefa de administra\u00e7\u00e3o dos Estados civilizados. A partir da escrita, o homem p\u00f4de organizar-se social e culturalmente. E foi al\u00e9m, pois, por meio da escrita, p\u00f4de criar e perpetuar sua identidade e deixar registrada na Hist\u00f3ria a sua passagem.<\/p>\n<p>Incorporada \u00e0 exist\u00eancia do homem, a escrita nunca se tornou obsoleta. Ao contr\u00e1rio, torna-se cada vez mais importante para manter viva a ess\u00eancia humana.<\/p>\n<p>Hoje, com o uso de celulares, <em>notebooks<\/em>, c\u00e2meras fotogr\u00e1ficas digitais e internet, entre outros aparatos modernos, as dist\u00e2ncias se encurtarem e o tempo tem ficado mais escasso. Hoje, trabalha-se mais e vive-se menos, mas n\u00e3o em anos de vida, pois estes aumentaram. Atualmente, pessoas com 80, 90 e at\u00e9 100 anos de idade caminham pelas ruas das grandes metr\u00f3poles; mas, meio s\u00e9culo atr\u00e1s, um indiv\u00edduo com 50 ou 60 anos de idade era considerado velho.<\/p>\n<p>Uma epidemia do mundo moderno \u00e9 o estresse, cujos principais sintomas s\u00e3o fadiga e falta de mem\u00f3ria. \u00c9 cada vez mais freq\u00fcente encontrar pessoas entre 25 e 50 anos com lapsos de mem\u00f3ria. Ao contr\u00e1rio do que muitos pensam, essas falhas nem sempre t\u00eam origem patol\u00f3gica. Distra\u00e7\u00e3o, ansiedade, estresse, depress\u00e3o e at\u00e9 mesmo bloqueios emocionais podem desencadear lapsos de mem\u00f3ria.<\/p>\n<p>A mem\u00f3ria divide-se em antiga e recente. A primeira \u00e9 relacionada ao processo de aprendizagem, e a segunda, tamb\u00e9m chamada \u201cmem\u00f3ria de trabalho\u201d, \u00e9 ocupada por fatos do cotidiano, pouco relevantes para serem armazenados definitivamente. \u00c9 importante saber que essa mem\u00f3ria tem capacidade limitada; portanto, \u00e9 preciso administrar bem o que \u00e9 colocado nela para n\u00e3o sobrecarreg\u00e1-la.<\/p>\n<p>Apesar dos esfor\u00e7os da ci\u00eancia, a melhor maneira de manter a mem\u00f3ria afiada \u00e9 a preven\u00e7\u00e3o. Um dos recursos que podem e devem ser utilizados \u00e9 a milenar t\u00e9cnica da escrita.<\/p>\n<p><a href=\"#_ftnref1\" name=\"_ftn1\">[1]<\/a> Povo de origem semita canaanita que se estabeleceu no pa\u00eds de Cana\u00e3 por volta do sXXVIII a.C. Os fen\u00edcios foram os maiores navegadores e comerciantes da Antiguidade; atribui-se a eles a inven\u00e7\u00e3o do alfabeto fon\u00e9tico. (Dicion\u00e1rio Houaiss da L\u00edngua Portuguesa)<\/p>\n<p>Escreva! Deixe tudo registrado. Tenha uma agenda. Anote todos os seus compromissos e tarefas di\u00e1rias.\u00a0 Voc\u00ea aliviar\u00e1 c\u00e9rebro e se sentir\u00e1 revigorado, pronto para assumir as tarefas mais importantes com efic\u00e1cia e destreza.<\/p>\n<p>Escrevendo, voc\u00ea tamb\u00e9m aprende a definir suas metas, tra\u00e7ar planos de a\u00e7\u00e3o e atingir seus objetivos. A partir do momento que voc\u00ea registra algo, seu c\u00e9rebro se compromete e passa a atuar em prol da realiza\u00e7\u00e3o daquilo que foi registrado. Ao escrever um di\u00e1rio, por exemplo, voc\u00ea ter\u00e1 uma importante ferramenta para fazer <em>follow-up<\/em> e verificar se est\u00e1 agindo no sentido certo ou se \u00e9 preciso mudar alguma coisa. Colocar no papel a sua rea\u00e7\u00e3o depois de conquistar um objetivo desejado tamb\u00e9m \u00e9 um excelente meio de induzir o c\u00e9rebro a buscar a repeti\u00e7\u00e3o desse momento. Da mesma forma, extravasar, por meio da escrita, sentimentos como \u00f3dio, raiva, medo e rancor libera mente e cora\u00e7\u00e3o de sensa\u00e7\u00f5es ruins e prejudiciais. Portanto, escreva!<\/p>\n","protected":false},"excerpt":{"rendered":"<p>Uma das contribui\u00e7\u00f5es dos sum\u00e9rios para o desenvolvimento da Humanidade foi o seu sistema de escrita: uma s\u00e9rie de pictogramas (pequenos desenhos) faziam refer\u00eancia aos conceitos que pretendiam ser transmitidos. Da\u00ed se desenvolveu o conceito de ideograma, seguido pelo uso de sinais arbitr\u00e1rios para palavras e elementos fon\u00e9ticos ou de s\u00edmbolos que representavam o som [&hellip;]<\/p>\n","protected":false},"author":96,"featured_media":0,"comment_status":"closed","ping_status":"closed","sticky":false,"template":"","format":"standard","meta":{"footnotes":""},"categories":[274],"tags":[],"class_list":["post-190691","post","type-post","status-publish","format-standard","hentry","category-dr-lair-ribeiro"],"_links":{"self":[{"href":"https:\/\/diarioregionaldigital.com.br\/index.php?rest_route=\/wp\/v2\/posts\/190691","targetHints":{"allow":["GET"]}}],"collection":[{"href":"https:\/\/diarioregionaldigital.com.br\/index.php?rest_route=\/wp\/v2\/posts"}],"about":[{"href":"https:\/\/diarioregionaldigital.com.br\/index.php?rest_route=\/wp\/v2\/types\/post"}],"author":[{"embeddable":true,"href":"https:\/\/diarioregionaldigital.com.br\/index.php?rest_route=\/wp\/v2\/users\/96"}],"replies":[{"embeddable":true,"href":"https:\/\/diarioregionaldigital.com.br\/index.php?rest_route=%2Fwp%2Fv2%2Fcomments&post=190691"}],"version-history":[{"count":1,"href":"https:\/\/diarioregionaldigital.com.br\/index.php?rest_route=\/wp\/v2\/posts\/190691\/revisions"}],"predecessor-version":[{"id":190692,"href":"https:\/\/diarioregionaldigital.com.br\/index.php?rest_route=\/wp\/v2\/posts\/190691\/revisions\/190692"}],"wp:attachment":[{"href":"https:\/\/diarioregionaldigital.com.br\/index.php?rest_route=%2Fwp%2Fv2%2Fmedia&parent=190691"}],"wp:term":[{"taxonomy":"category","embeddable":true,"href":"https:\/\/diarioregionaldigital.com.br\/index.php?rest_route=%2Fwp%2Fv2%2Fcategories&post=190691"},{"taxonomy":"post_tag","embeddable":true,"href":"https:\/\/diarioregionaldigital.com.br\/index.php?rest_route=%2Fwp%2Fv2%2Ftags&post=190691"}],"curies":[{"name":"wp","href":"https:\/\/api.w.org\/{rel}","templated":true}]}}