{"id":190685,"date":"2021-11-05T20:27:34","date_gmt":"2021-11-05T23:27:34","guid":{"rendered":"https:\/\/diarioregionaldigital.com.br\/?p=190685"},"modified":"2021-11-05T20:27:34","modified_gmt":"2021-11-05T23:27:34","slug":"castramovel-retoma-atividades-na-proxima-terca-feira-9","status":"publish","type":"post","link":"https:\/\/diarioregionaldigital.com.br\/?p=190685","title":{"rendered":"Castram\u00f3vel retoma atividades na pr\u00f3xima ter\u00e7a-feira, 9"},"content":{"rendered":"<p>Segundo informa\u00e7\u00f5es do site da Prefeitura de Juiz de Fora, o Departamento de Vigil\u00e2ncia Epidemiol\u00f3gica e Ambiental (DVEA) da Subsecretaria de Vigil\u00e2ncia em Sa\u00fade da Prefeitura de Juiz de Fora, ir\u00e1 retomar as atividades de castra\u00e7\u00e3o de c\u00e3es e gatos na pr\u00f3xima ter\u00e7a-feira, 9.<\/p>\n<p>O servi\u00e7o de castra\u00e7\u00e3o passou por interrup\u00e7\u00f5es entre 2018 e 2020, mas a gest\u00e3o atual da Secretaria de Sa\u00fade (SS) estabeleceu metas para retornar com a castra\u00e7\u00e3o animal ainda este ano.<\/p>\n<p>De acordo com o Subsecret\u00e1rio de Vigil\u00e2ncia em Sa\u00fade, Jonathan Ferreira, o processo de contrata\u00e7\u00e3o da empresa que far\u00e1 o servi\u00e7o foi conclu\u00eddo e a empresa vencedora da licita\u00e7\u00e3o iniciar\u00e1 a execu\u00e7\u00e3o dos servi\u00e7os j\u00e1 na pr\u00f3xima semana. \u201cOs procedimentos ser\u00e3o realizados seguindo as boas pr\u00e1ticas no ambiente cir\u00fargico e as castra\u00e7\u00f5es poder\u00e3o ser realizadas no ve\u00edculo castram\u00f3vel, em conformidade com a resolu\u00e7\u00e3o n\u00ba 962, de 27 de agosto de 2010, que normatiza os procedimentos de contracep\u00e7\u00e3o de c\u00e3es e gatos em programas de educa\u00e7\u00e3o em sa\u00fade, guarda respons\u00e1vel e esteriliza\u00e7\u00e3o cir\u00fargica com a finalidade de controle populacional\u201d, explica.<\/p>\n<p>Visando \u00e0 transpar\u00eancia no processo, os cadastros j\u00e1 existentes em posse do departamento ser\u00e3o triados, e os novos pedidos de castra\u00e7\u00e3o ser\u00e3o realizados por meio\u00a0<a href=\"https:\/\/juizdefora.1doc.com.br\/b.php?pg=wp\/wp&amp;itd=5&amp;gr=4&amp;id_assunto=29415\"><b>plataforma digital<\/b><\/a>\u00a0da Prefeitura de Juiz de Fora &#8211; \u201cPrefeitura \u00c1gil\u201d, dando efici\u00eancia, transpar\u00eancia e agilidade. Cabe destacar que todos os trabalhos e procedimentos ser\u00e3o coordenados pela ger\u00eancia do Departamento de Sa\u00fade Animal em exerc\u00edcio.<\/p>\n<p>De acordo com a gerente do Canil Municipal, Rond\u00f4nia Tassi Muniz, a castra\u00e7\u00e3o vai dar prioridade aos animais que se encontram no estabelecimento, para depois prosseguir em outras \u00e1reas da cidade. \u201cA expectativa \u00e9 de que sejam realizadas cerca de 50 castra\u00e7\u00f5es por dia, o que contribuir\u00e1 bastante para a diminui\u00e7\u00e3o da fila\u201d, aponta Rond\u00f4nia.<\/p>\n<p>Devido \u00e0 pandemia da Covid-19, os eventos de ado\u00e7\u00e3o de animais com presen\u00e7a de p\u00fablico precisaram ser interrompidos, e isso afetou o n\u00famero de animais adotados. Outro problema atrelado \u00e0 pandemia, est\u00e1 o aumento do n\u00famero de animais abandonados, fazendo com que a popula\u00e7\u00e3o do canil crescesse ainda mais. Desde o controle epidemiol\u00f3gico da Covid-19 no munic\u00edpio, a PJF vem realizando eventos de ado\u00e7\u00e3o respons\u00e1vel, tentando diminuir a quantidade de animais no Canil. A Secretaria de Comunica\u00e7\u00e3o (Secom) criou a campanha \u201cMe adota a\u00ed\u201d, uma a\u00e7\u00e3o que estimula a ado\u00e7\u00e3o respons\u00e1vel de c\u00e3es e gatos em Juiz de Fora.<\/p>\n<p>Quem deseja adotar um animalzinho, pode entrar em contato pela p\u00e1gina do Facebook e o perfil do Instagram (@canilmunicipaljuizdefora).<\/p>\n<p>Acesse as redes sociais do Canil Municipal\u00a0<a href=\"https:\/\/linktr.ee\/meadotaai\"><b>ME ADOTA A\u00cd!<\/b><\/a><\/p>\n<p><b>Outras informa\u00e7\u00f5es:<\/b><br \/>\n(32) 3225-9933 &#8211; Ado\u00e7\u00e3o respons\u00e1vel<\/p>\n","protected":false},"excerpt":{"rendered":"<p>Segundo informa\u00e7\u00f5es do site da Prefeitura de Juiz de Fora, o Departamento de Vigil\u00e2ncia Epidemiol\u00f3gica e Ambiental (DVEA) da Subsecretaria de Vigil\u00e2ncia em Sa\u00fade da Prefeitura de Juiz de Fora, ir\u00e1 retomar as atividades de castra\u00e7\u00e3o de c\u00e3es e gatos na pr\u00f3xima ter\u00e7a-feira, 9. O servi\u00e7o de castra\u00e7\u00e3o passou por interrup\u00e7\u00f5es entre 2018 e 2020, [&hellip;]<\/p>\n","protected":false},"author":246,"featured_media":190686,"comment_status":"closed","ping_status":"closed","sticky":false,"template":"","format":"standard","meta":{"footnotes":""},"categories":[253,436],"tags":[],"class_list":["post-190685","post","type-post","status-publish","format-standard","has-post-thumbnail","hentry","category-cidade","category-destaque-da-semana"],"_links":{"self":[{"href":"https:\/\/diarioregionaldigital.com.br\/index.php?rest_route=\/wp\/v2\/posts\/190685","targetHints":{"allow":["GET"]}}],"collection":[{"href":"https:\/\/diarioregionaldigital.com.br\/index.php?rest_route=\/wp\/v2\/posts"}],"about":[{"href":"https:\/\/diarioregionaldigital.com.br\/index.php?rest_route=\/wp\/v2\/types\/post"}],"author":[{"embeddable":true,"href":"https:\/\/diarioregionaldigital.com.br\/index.php?rest_route=\/wp\/v2\/users\/246"}],"replies":[{"embeddable":true,"href":"https:\/\/diarioregionaldigital.com.br\/index.php?rest_route=%2Fwp%2Fv2%2Fcomments&post=190685"}],"version-history":[{"count":1,"href":"https:\/\/diarioregionaldigital.com.br\/index.php?rest_route=\/wp\/v2\/posts\/190685\/revisions"}],"predecessor-version":[{"id":190687,"href":"https:\/\/diarioregionaldigital.com.br\/index.php?rest_route=\/wp\/v2\/posts\/190685\/revisions\/190687"}],"wp:featuredmedia":[{"embeddable":true,"href":"https:\/\/diarioregionaldigital.com.br\/index.php?rest_route=\/wp\/v2\/media\/190686"}],"wp:attachment":[{"href":"https:\/\/diarioregionaldigital.com.br\/index.php?rest_route=%2Fwp%2Fv2%2Fmedia&parent=190685"}],"wp:term":[{"taxonomy":"category","embeddable":true,"href":"https:\/\/diarioregionaldigital.com.br\/index.php?rest_route=%2Fwp%2Fv2%2Fcategories&post=190685"},{"taxonomy":"post_tag","embeddable":true,"href":"https:\/\/diarioregionaldigital.com.br\/index.php?rest_route=%2Fwp%2Fv2%2Ftags&post=190685"}],"curies":[{"name":"wp","href":"https:\/\/api.w.org\/{rel}","templated":true}]}}