{"id":190681,"date":"2021-11-05T20:25:47","date_gmt":"2021-11-05T23:25:47","guid":{"rendered":"https:\/\/diarioregionaldigital.com.br\/?p=190681"},"modified":"2021-11-05T20:25:47","modified_gmt":"2021-11-05T23:25:47","slug":"operacao-boniteza-realiza-operacao-tapa-buracos-na-avenida-juiz-de-fora","status":"publish","type":"post","link":"https:\/\/diarioregionaldigital.com.br\/?p=190681","title":{"rendered":"Opera\u00e7\u00e3o Boniteza realiza opera\u00e7\u00e3o tapa-buracos na Avenida Juiz de Fora"},"content":{"rendered":"<p>Segundo informa\u00e7\u00f5es do site da Prefeitura de Juiz de Fora, nesta sexta-feira, 5, equipes da Empresa Municipal de Pavimenta\u00e7\u00e3o e Urbaniza\u00e7\u00e3o (Empav) da Prefeitura de Juiz de Fora (PJF) realizam opera\u00e7\u00e3o tapa-buracos na Avenida Juiz de Fora, pr\u00f3ximo aos bairros Bandeirantes, Grama, Parque Guarani e Vivendas da Serra. Desde o in\u00edcio da semana, servidores trabalharam na recomposi\u00e7\u00e3o asf\u00e1ltica em grandes corredores de tr\u00e1fego da cidade e, nesta sexta, d\u00e3o seguimento ao cronograma semanal de atividades, atuando em outras vias do munic\u00edpio. Al\u00e9m das a\u00e7\u00f5es de recomposi\u00e7\u00e3o asf\u00e1ltica, \u00e9 realizada tamb\u00e9m a pavimenta\u00e7\u00e3o e limpeza da Rua Amin Nagle, no bairro Pedras Preciosas.<\/p>\n<p>Nesta sexta-feira, 5, servidores da Empav atuam nos seguintes trechos:<\/p>\n<p>Avenida Brasil &#8211; Diversos*<br \/>\nAvenida Juiz de Fora &#8211; Diversos<br \/>\nAvenida Presidente Juscelino Kubitschek &#8211; Diversos*<br \/>\nRua Maria Garcia &#8211; Nossa Senhora de Lourdes*<br \/>\nRua Amin Nagle &#8211; Pedras Preciosas<br \/>\nAvenida Ilva Melo Reis &#8211; Retiro<br \/>\nRua Doutor Jos\u00e9 Lanziotti &#8211; Santa Efig\u00eania<br \/>\nAvenida Pedro Afonso Pinheiro &#8211; Santa Efig\u00eania<br \/>\nRua Padre Caf\u00e9 &#8211; S\u00e3o Mateus<\/p>\n<p>*Servi\u00e7os seguem em andamento nessas vias<br \/>\nPara solicitar estes e outros servi\u00e7os, entre em contato com o Gabinete de A\u00e7\u00e3o e Di\u00e1logo Comunit\u00e1rio, que recebe e organiza pedidos relativos a interven\u00e7\u00f5es e melhorias urbanas. O contato pode ser feito atrav\u00e9s de liga\u00e7\u00e3o telef\u00f4nica pelo n\u00famero (32) 3690-7241 ou via WhatsApp, utilizando o mesmo n\u00famero.<\/p>\n","protected":false},"excerpt":{"rendered":"<p>Segundo informa\u00e7\u00f5es do site da Prefeitura de Juiz de Fora, nesta sexta-feira, 5, equipes da Empresa Municipal de Pavimenta\u00e7\u00e3o e Urbaniza\u00e7\u00e3o (Empav) da Prefeitura de Juiz de Fora (PJF) realizam opera\u00e7\u00e3o tapa-buracos na Avenida Juiz de Fora, pr\u00f3ximo aos bairros Bandeirantes, Grama, Parque Guarani e Vivendas da Serra. Desde o in\u00edcio da semana, servidores trabalharam [&hellip;]<\/p>\n","protected":false},"author":246,"featured_media":190682,"comment_status":"closed","ping_status":"closed","sticky":false,"template":"","format":"standard","meta":{"footnotes":""},"categories":[253,436],"tags":[],"class_list":["post-190681","post","type-post","status-publish","format-standard","has-post-thumbnail","hentry","category-cidade","category-destaque-da-semana"],"_links":{"self":[{"href":"https:\/\/diarioregionaldigital.com.br\/index.php?rest_route=\/wp\/v2\/posts\/190681","targetHints":{"allow":["GET"]}}],"collection":[{"href":"https:\/\/diarioregionaldigital.com.br\/index.php?rest_route=\/wp\/v2\/posts"}],"about":[{"href":"https:\/\/diarioregionaldigital.com.br\/index.php?rest_route=\/wp\/v2\/types\/post"}],"author":[{"embeddable":true,"href":"https:\/\/diarioregionaldigital.com.br\/index.php?rest_route=\/wp\/v2\/users\/246"}],"replies":[{"embeddable":true,"href":"https:\/\/diarioregionaldigital.com.br\/index.php?rest_route=%2Fwp%2Fv2%2Fcomments&post=190681"}],"version-history":[{"count":2,"href":"https:\/\/diarioregionaldigital.com.br\/index.php?rest_route=\/wp\/v2\/posts\/190681\/revisions"}],"predecessor-version":[{"id":190684,"href":"https:\/\/diarioregionaldigital.com.br\/index.php?rest_route=\/wp\/v2\/posts\/190681\/revisions\/190684"}],"wp:featuredmedia":[{"embeddable":true,"href":"https:\/\/diarioregionaldigital.com.br\/index.php?rest_route=\/wp\/v2\/media\/190682"}],"wp:attachment":[{"href":"https:\/\/diarioregionaldigital.com.br\/index.php?rest_route=%2Fwp%2Fv2%2Fmedia&parent=190681"}],"wp:term":[{"taxonomy":"category","embeddable":true,"href":"https:\/\/diarioregionaldigital.com.br\/index.php?rest_route=%2Fwp%2Fv2%2Fcategories&post=190681"},{"taxonomy":"post_tag","embeddable":true,"href":"https:\/\/diarioregionaldigital.com.br\/index.php?rest_route=%2Fwp%2Fv2%2Ftags&post=190681"}],"curies":[{"name":"wp","href":"https:\/\/api.w.org\/{rel}","templated":true}]}}