{"id":190678,"date":"2021-11-05T20:24:05","date_gmt":"2021-11-05T23:24:05","guid":{"rendered":"https:\/\/diarioregionaldigital.com.br\/?p=190678"},"modified":"2021-11-05T20:24:05","modified_gmt":"2021-11-05T23:24:05","slug":"em-funcao-do-novo-viaduto-pjf-promove-alteracoes-estruturais-no-centro","status":"publish","type":"post","link":"https:\/\/diarioregionaldigital.com.br\/?p=190678","title":{"rendered":"Em fun\u00e7\u00e3o do novo viaduto, PJF promove altera\u00e7\u00f5es estruturais no Centro"},"content":{"rendered":"<p>Segundo informa\u00e7\u00f5es do site da Prefeitura de Juiz de Fora, com a proximidade da inaugura\u00e7\u00e3o do viaduto H\u00e9lio F\u00e1del, o centro de Juiz de Fora passar\u00e1 por uma s\u00e9rie de interven\u00e7\u00f5es para melhorar a mobilidade urbana. A Avenida Get\u00falio Vargas e a Rua Floriano Peixoto passar\u00e3o por mudan\u00e7as vi\u00e1rias. Haver\u00e1, ainda, a instala\u00e7\u00e3o de centenas de rampas de acessibilidade e a adequa\u00e7\u00e3o do com\u00e9rcio popular de rua na Get\u00falio Vargas.<\/p>\n<p>No trecho da avenida entre a Rua S\u00e3o Sebasti\u00e3o e Marechal Deodoro vai haver altera\u00e7\u00e3o do hor\u00e1rio de carga e descarga, que ser\u00e1 das 7h \u00e0s 11h. Com isso, cerca de 25 novas vagas de estacionamento rotativo ser\u00e3o criadas na via, com permiss\u00e3o de uso no per\u00edodo das 11h e \u00e0s 18h. A partir do dia 14, domingo, a Secretaria de Mobilidade Urbana inicia a instala\u00e7\u00e3o da sinaliza\u00e7\u00e3o horizontal e vertical.<\/p>\n<p>J\u00e1 a Rua Floriano Peixoto, ap\u00f3s a Hip\u00f3lito Caron, ganha mais uma pista de circula\u00e7\u00e3o, evitando reten\u00e7\u00f5es no acesso ao viaduto. Para esta melhoria de fluidez, foi necess\u00e1ria a transfer\u00eancia das vagas de estacionamento rotativo para a Get\u00falio Vargas e altera\u00e7\u00e3o dos pontos de carga e descarga da via, que passa a ter pista dupla no trecho entre a Rua Batista de Oliveira e Avenida Francisco Bernardino. A implanta\u00e7\u00e3o de \u00e1rea azul na Get\u00falio Vargas ser\u00e1 ben\u00e9fica para os motoristas, clientes e comerciantes com lojas na via.<\/p>\n<p>Como explica o secret\u00e1rio de Mobilidade Urbana, Fernando Tadeu David, as mudan\u00e7as s\u00e3o necess\u00e1rias para permitir que o novo viaduto, a maior obra vi\u00e1ria do Centro da cidade das \u00faltimas d\u00e9cadas, resulte em avan\u00e7o para a mobilidade no centro da cidade. \u201cUma obra vi\u00e1ria deste porte altera toda a mobilidade do entorno. Por isso, est\u00e3o sendo necess\u00e1rias estas readequa\u00e7\u00f5es significativas da carga e descarga na Get\u00falio Vargas, com hor\u00e1rio limitado \u00e0 parte da manh\u00e3, para que o fluxo de ve\u00edculos pesados e suas manobras de estacionamento n\u00e3o atrapalhem a fluidez do tr\u00e2nsito no hor\u00e1rio de pico. Com a expans\u00e3o da cidade, o aumento constante da frota de ve\u00edculos, temos que buscar solu\u00e7\u00f5es que atendam toda a popula\u00e7\u00e3o\u201d.<\/p>\n<p>Com a inaugura\u00e7\u00e3o do viaduto, a maioria das linhas de \u00f4nibus que atendem \u00e0s regi\u00f5es Norte e Leste passam a circular pelo novo equipamento urbano. A mudan\u00e7a vai propiciar redu\u00e7\u00e3o do tempo de viagem para os usu\u00e1rios do transporte p\u00fablico, principalmente nos hor\u00e1rios de pico.<\/p>\n<p><b>Sala do empreendedor popular<\/b><\/p>\n<p>A mudan\u00e7a vi\u00e1ria na regi\u00e3o implicar\u00e1 na reorganiza\u00e7\u00e3o do com\u00e9rcio popular, em particular o localizado na Avenida Get\u00falio Vargas. A via n\u00e3o poder\u00e1 contar com com\u00e9rcio popular de rua. Os comerciantes licenciados foram notificados, est\u00e3o em processo de regulariza\u00e7\u00e3o e passar\u00e3o a ocupar pontos vagos em outras vias do centro.<\/p>\n<p>J\u00e1 as pessoas que exercem o com\u00e9rcio popular de forma irregular na Get\u00falio Vargas ter\u00e3o a oportunidade de se tornarem Microempreendedores Individuais (MEI) a partir desta segunda-feira, 8. Ser\u00e1 montada uma tenda da \u201cSala do Empreendedor Popular&#8221; na Pra\u00e7a do Riachuelo, em frente ao Santa Cruz Shopping. No local, os comerciantes populares que preencheram o formul\u00e1rio disponibilizado pela PJF em maio ou que possuam pedido antigo (protocolo) de solicita\u00e7\u00e3o v\u00e3o poder se formalizar por um ano, assinando um Termo de Ajuste de Conduta (TAC) que definir\u00e1 o compromisso dos trabalhadores com o Executivo e garantir\u00e1 mais seguran\u00e7a para consumidores e trabalhadores. Ser\u00e1 lan\u00e7ado um calend\u00e1rio para os comerciantes populares que atuam em outras vias e ser\u00e3o distribu\u00eddas notifica\u00e7\u00f5es indicando a data na qual devem comparecer na tenda.<\/p>\n<p>Desde o come\u00e7o da gest\u00e3o, a PJF est\u00e1 trabalhando para planejar a organiza\u00e7\u00e3o urbana em Juiz de Fora. Foi criado um grupo de trabalho sobre o com\u00e9rcio popular e, durante meses, foram realizadas reuni\u00f5es semanais com representantes da categoria. Nesta segunda, 8, inicia-se a formaliza\u00e7\u00e3o com os comerciantes populares que atuam na Avenida Get\u00falio Vargas de forma irregular. Neste momento, poder\u00e3o se estabelecer na Pra\u00e7a do Riachuelo, que receber\u00e1 a\u00e7\u00f5es do Programa Boniteza. O objetivo \u00e9 valorizar o espa\u00e7o urbano, garantir os direitos dos trabalhadores e melhorar a mobilidade urbana.<\/p>\n","protected":false},"excerpt":{"rendered":"<p>Segundo informa\u00e7\u00f5es do site da Prefeitura de Juiz de Fora, com a proximidade da inaugura\u00e7\u00e3o do viaduto H\u00e9lio F\u00e1del, o centro de Juiz de Fora passar\u00e1 por uma s\u00e9rie de interven\u00e7\u00f5es para melhorar a mobilidade urbana. A Avenida Get\u00falio Vargas e a Rua Floriano Peixoto passar\u00e3o por mudan\u00e7as vi\u00e1rias. Haver\u00e1, ainda, a instala\u00e7\u00e3o de centenas [&hellip;]<\/p>\n","protected":false},"author":246,"featured_media":190679,"comment_status":"closed","ping_status":"closed","sticky":false,"template":"","format":"standard","meta":{"footnotes":""},"categories":[253,436],"tags":[],"class_list":["post-190678","post","type-post","status-publish","format-standard","has-post-thumbnail","hentry","category-cidade","category-destaque-da-semana"],"_links":{"self":[{"href":"https:\/\/diarioregionaldigital.com.br\/index.php?rest_route=\/wp\/v2\/posts\/190678","targetHints":{"allow":["GET"]}}],"collection":[{"href":"https:\/\/diarioregionaldigital.com.br\/index.php?rest_route=\/wp\/v2\/posts"}],"about":[{"href":"https:\/\/diarioregionaldigital.com.br\/index.php?rest_route=\/wp\/v2\/types\/post"}],"author":[{"embeddable":true,"href":"https:\/\/diarioregionaldigital.com.br\/index.php?rest_route=\/wp\/v2\/users\/246"}],"replies":[{"embeddable":true,"href":"https:\/\/diarioregionaldigital.com.br\/index.php?rest_route=%2Fwp%2Fv2%2Fcomments&post=190678"}],"version-history":[{"count":1,"href":"https:\/\/diarioregionaldigital.com.br\/index.php?rest_route=\/wp\/v2\/posts\/190678\/revisions"}],"predecessor-version":[{"id":190680,"href":"https:\/\/diarioregionaldigital.com.br\/index.php?rest_route=\/wp\/v2\/posts\/190678\/revisions\/190680"}],"wp:featuredmedia":[{"embeddable":true,"href":"https:\/\/diarioregionaldigital.com.br\/index.php?rest_route=\/wp\/v2\/media\/190679"}],"wp:attachment":[{"href":"https:\/\/diarioregionaldigital.com.br\/index.php?rest_route=%2Fwp%2Fv2%2Fmedia&parent=190678"}],"wp:term":[{"taxonomy":"category","embeddable":true,"href":"https:\/\/diarioregionaldigital.com.br\/index.php?rest_route=%2Fwp%2Fv2%2Fcategories&post=190678"},{"taxonomy":"post_tag","embeddable":true,"href":"https:\/\/diarioregionaldigital.com.br\/index.php?rest_route=%2Fwp%2Fv2%2Ftags&post=190678"}],"curies":[{"name":"wp","href":"https:\/\/api.w.org\/{rel}","templated":true}]}}