{"id":190675,"date":"2021-11-05T20:21:57","date_gmt":"2021-11-05T23:21:57","guid":{"rendered":"https:\/\/diarioregionaldigital.com.br\/?p=190675"},"modified":"2021-11-05T20:21:57","modified_gmt":"2021-11-05T23:21:57","slug":"drive-thru-da-ufjf-pam-marechal-e-ubss-benfica-e-santa-luzia-vacinam-contra-covid-19-no-sabado-6","status":"publish","type":"post","link":"https:\/\/diarioregionaldigital.com.br\/?p=190675","title":{"rendered":"Drive-thru da UFJF, PAM Marechal e UBSs Benfica e Santa Luzia vacinam contra Covid-19 no s\u00e1bado, 6"},"content":{"rendered":"<p>Primeiras, segundas doses e vacinas de refor\u00e7o contra a Covid-19 ser\u00e3o disponibilizadas de manh\u00e3 e \u00e0 tarde neste s\u00e1bado, 6. O drive-thru da UFJF, modelo em que as pessoas s\u00e3o vacinadas em seus carros, funcionar\u00e1 das 9h \u00e0s 16h. O Pam Marechal e as Unidades B\u00e1sicas de Sa\u00fade (UBSs) dos bairros Benfica e Santa Luzia disponibilizar\u00e3o os imunizantes das 8h \u00e0s 16h.<\/p>\n<p>Segundo informa\u00e7\u00f5es do site da Prefeitura de Juiz de Fora, as pessoas de 12 anos ou mais que, por qualquer motivo, ainda n\u00e3o receberam a primeira dose podem ir em qualquer um dos quatro pontos de vacina\u00e7\u00e3o neste s\u00e1bado, assim como as pessoas que devem receber a segunda dose ou a vacina de refor\u00e7o. <b>A lista com os endere\u00e7os dos locais de imuniza\u00e7\u00e3o e dos p\u00fablicos que ser\u00e3o vacinados neste s\u00e1bado pode ser vista de forma detalhada no fim do texto.<\/b><\/p>\n<p><b>Documenta\u00e7\u00e3o necess\u00e1ria para a vacina\u00e7\u00e3o<\/b><\/p>\n<p>A Secretaria de Sa\u00fade pede para as pessoas que v\u00e3o receber a dose de refor\u00e7o levarem os documentos, que s\u00e3o obrigat\u00f3rios, para receberem a vacina. Seguindo normas t\u00e9cnicas do Estado e do Minist\u00e9rio da Sa\u00fade, a SS est\u00e1 vacinando com a terceira dose os trabalhadores e trabalhadoras da sa\u00fade de Juiz de Fora com o imunizante Pfizer. Os documentos est\u00e3o no\u00a0<a href=\"https:\/\/covid19.pjf.mg.gov.br\/documentos-dose-de-reforco.php\"><b>site da PJF<\/b><\/a>\u00a0e devem ser entregues no ato da vacina\u00e7\u00e3o. O trabalhador de sa\u00fade com v\u00ednculo ativo nos servi\u00e7os de sa\u00fade deve entregar o Termo de Responsabilidade da Institui\u00e7\u00e3o e do Profissional, al\u00e9m da c\u00f3pia dos documentos pessoais. J\u00e1 o trabalhador aut\u00f4nomo, dever\u00e1 apresentar o Termo de Responsabilidade Aut\u00f4nomo e Profissional, os documentos pessoais, al\u00e9m de um documento ou certificado que comprove estar atualmente em atividade; e o cuidador de idoso, al\u00e9m da documenta\u00e7\u00e3o geral, deve levar no ato da vacina\u00e7\u00e3o o Termo de Responsabilidade Familiar e Profissional, juntamente com a c\u00f3pia dos documentos.<\/p>\n<p>Ressaltamos que o profissional dever\u00e1 imprimir o termo, preencher, solicitar assinatura e carimbo da institui\u00e7\u00e3o \u00e0 qual est\u00e1 vinculado e\/ou fam\u00edlia contratante, no caso dos cuidadores de idosos. Deve ser apresentada a documenta\u00e7\u00e3o j\u00e1 preenchida junto com a c\u00f3pia dos documentos pessoais, como documento de identidade, nos pontos de vacina\u00e7\u00e3o. Todas as pessoas para se vacinar devem apresentar tamb\u00e9m a\u00a0<a href=\"https:\/\/covid19.pjf.mg.gov.br\/arquivos\/formulario_para_vacinacao.pdf\"><b>ficha de vacina\u00e7\u00e3o<\/b><\/a>\u00a0preenchida com os seus dados pessoais.<\/p>\n<p>As pessoas que v\u00e3o receber a primeira dose devem apresentar originais e c\u00f3pias de documento de identifica\u00e7\u00e3o com foto &#8211; como documento de identidade (RG) ou carteira de motorista, e o CPF, caso o n\u00famero do mesmo n\u00e3o conste na identidade, a ficha de vacina\u00e7\u00e3o preenchida, al\u00e9m do comprovante de resid\u00eancia, que ficar\u00e1 retido no local de vacina\u00e7\u00e3o. Os adolescentes que n\u00e3o tiverem estes documentos podem apresentar a certid\u00e3o de nascimento, al\u00e9m do comprovante de resid\u00eancia. Caso o comprovante de resid\u00eancia n\u00e3o esteja no nome de quem vai ser vacinado, \u00e9 necess\u00e1rio apresentar c\u00f3pia do comprovante, do documento de identidade da pessoa que tem o nome no comprovante de resid\u00eancia e, ainda,\u00a0<a href=\"https:\/\/covid19.pjf.mg.gov.br\/arquivos\/modelo_declaracao_de_residencia.pdfr\"><b>a declara\u00e7\u00e3o de resid\u00eancia<\/b><\/a><br \/>\nTamb\u00e9m refor\u00e7amos a necessidade de levar o formul\u00e1rio impresso, cujo modelo est\u00e1 dispon\u00edvel no\u00a0<a href=\"https:\/\/covid19.pjf.mg.gov.br\/arquivos\/formulario_para_vacinacao.pdf\"><b>site da PJF.<\/b><\/a><\/p>\n<p>As demais pessoas que v\u00e3o receber a D2 ou os idosos que v\u00e3o receber a dose de refor\u00e7o precisam apresentar apenas o cart\u00e3o de vacina e um documento de identifica\u00e7\u00e3o com foto, enquanto os imunossuprimidos, al\u00e9m destes documentos, para poder receber a dose de refor\u00e7o devem apresentar um laudo ou atestado m\u00e9dico datado de, no m\u00e1ximo, 12 meses, comprovando a condi\u00e7\u00e3o. Este p\u00fablico pode buscar pela dose de refor\u00e7o a partir de 28 dias do recebimento da 2\u00aa dose.<\/p>\n<p>Confira os grupos que s\u00e3o vacinados nos quatro locais neste s\u00e1bado, dia 6:<\/p>\n<p><b>Pessoas com 12 anos ou mais que v\u00e3o receber a primeira dose<\/b><\/p>\n<p><b>Idosos com 60 anos ou mais que receberam a segunda dose h\u00e1 pelo menos seis meses recebem a vacina de refor\u00e7o<\/b><\/p>\n<p><b>Trabalhadores da sa\u00fade de 29 anos ou mais que receberam a segunda dose h\u00e1 pelo menos seis meses e cumprem os crit\u00e9rios estipulados podem buscar a vacina de refor\u00e7o<\/b><\/p>\n<p><b>Imunossuprimidos que receberam a segunda dose h\u00e1 pelo menos 28 dias seguem sendo vacinados<\/b><\/p>\n<p><b>As segundas doses de AstraZeneca s\u00e3o destinadas \u00e0s pessoas que receberiam a vacina originalmente no dia 20 de outubro ou antes<\/b><\/p>\n<p><b>Segundas doses de Coronavac para pessoas com retorno no cart\u00e3o no dia 6 de novembro ou data anterior<\/b><\/p>\n<p><b>Segundas doses de Pfizer para todos que receberam a primeira dose at\u00e9 o dia 11 de setembro ou antes<\/b><\/p>\n<p><b>Endere\u00e7os dos locais de vacina\u00e7\u00e3o:<\/b><\/p>\n<p><b>Drive-Thru da UFJF\u00a0<\/b>&#8211; 9h \u00e0s 16h<br \/>\nCampus da UFJF, estacionamento da Faculdade de Educa\u00e7\u00e3o (Faced)<\/p>\n<p><b>PAM Marechal\u00a0<\/b>&#8211; 8h \u00e0s 16h<br \/>\nRua Marechal Deodoro, 496, Centro<\/p>\n<p><b>UBS do bairro Benfica\u00a0<\/b>&#8211; 8h \u00e0s 16h<br \/>\nRua Guararapes, 106.<\/p>\n<p>UBS do bairro Santa Luzia 8h \u00e0s 16h<br \/>\nRua Torre\u00f5es, s\/n\u00ba<\/p>\n","protected":false},"excerpt":{"rendered":"<p>Primeiras, segundas doses e vacinas de refor\u00e7o contra a Covid-19 ser\u00e3o disponibilizadas de manh\u00e3 e \u00e0 tarde neste s\u00e1bado, 6. O drive-thru da UFJF, modelo em que as pessoas s\u00e3o vacinadas em seus carros, funcionar\u00e1 das 9h \u00e0s 16h. O Pam Marechal e as Unidades B\u00e1sicas de Sa\u00fade (UBSs) dos bairros Benfica e Santa Luzia [&hellip;]<\/p>\n","protected":false},"author":246,"featured_media":190676,"comment_status":"closed","ping_status":"closed","sticky":false,"template":"","format":"standard","meta":{"footnotes":""},"categories":[253,436,440],"tags":[],"class_list":["post-190675","post","type-post","status-publish","format-standard","has-post-thumbnail","hentry","category-cidade","category-destaque-da-semana","category-destaques-do-dia"],"_links":{"self":[{"href":"https:\/\/diarioregionaldigital.com.br\/index.php?rest_route=\/wp\/v2\/posts\/190675","targetHints":{"allow":["GET"]}}],"collection":[{"href":"https:\/\/diarioregionaldigital.com.br\/index.php?rest_route=\/wp\/v2\/posts"}],"about":[{"href":"https:\/\/diarioregionaldigital.com.br\/index.php?rest_route=\/wp\/v2\/types\/post"}],"author":[{"embeddable":true,"href":"https:\/\/diarioregionaldigital.com.br\/index.php?rest_route=\/wp\/v2\/users\/246"}],"replies":[{"embeddable":true,"href":"https:\/\/diarioregionaldigital.com.br\/index.php?rest_route=%2Fwp%2Fv2%2Fcomments&post=190675"}],"version-history":[{"count":1,"href":"https:\/\/diarioregionaldigital.com.br\/index.php?rest_route=\/wp\/v2\/posts\/190675\/revisions"}],"predecessor-version":[{"id":190677,"href":"https:\/\/diarioregionaldigital.com.br\/index.php?rest_route=\/wp\/v2\/posts\/190675\/revisions\/190677"}],"wp:featuredmedia":[{"embeddable":true,"href":"https:\/\/diarioregionaldigital.com.br\/index.php?rest_route=\/wp\/v2\/media\/190676"}],"wp:attachment":[{"href":"https:\/\/diarioregionaldigital.com.br\/index.php?rest_route=%2Fwp%2Fv2%2Fmedia&parent=190675"}],"wp:term":[{"taxonomy":"category","embeddable":true,"href":"https:\/\/diarioregionaldigital.com.br\/index.php?rest_route=%2Fwp%2Fv2%2Fcategories&post=190675"},{"taxonomy":"post_tag","embeddable":true,"href":"https:\/\/diarioregionaldigital.com.br\/index.php?rest_route=%2Fwp%2Fv2%2Ftags&post=190675"}],"curies":[{"name":"wp","href":"https:\/\/api.w.org\/{rel}","templated":true}]}}