{"id":190672,"date":"2021-11-05T20:18:32","date_gmt":"2021-11-05T23:18:32","guid":{"rendered":"https:\/\/diarioregionaldigital.com.br\/?p=190672"},"modified":"2021-11-05T20:18:32","modified_gmt":"2021-11-05T23:18:32","slug":"tite-convoca-vinicius-jr-para-selecao-apos-corte-de-firmino-por-lesao","status":"publish","type":"post","link":"https:\/\/diarioregionaldigital.com.br\/?p=190672","title":{"rendered":"Tite convoca Vin\u00edcius Jr para sele\u00e7\u00e3o ap\u00f3s corte de Firmino por les\u00e3o"},"content":{"rendered":"<p>O atacante Vin\u00edcius J\u00fanior, atualmente no Real Madrid, foi convocado nesta sexta-feira (5) pelo t\u00e9cnico Tite a retornar a sele\u00e7\u00e3o brasileira para os pr\u00f3ximos dois confrontos pelas Eliminat\u00f3rias Sul-Americanas da Copa do Mundo do Catar. Ele substituir\u00e1 Roberto Firmino, do Liverpool (Inglaterra), cortado hoje, depois de avalia\u00e7\u00e3o de Rodrigo Lasmar, m\u00e9dico da sele\u00e7\u00e3o, que confirmou les\u00e3o muscular na coxa esquerda.\u00a0<img decoding=\"async\" src=\"https:\/\/agenciabrasil.ebc.com.br\/ebc.png?id=1426701&amp;o=node\" \/><img decoding=\"async\" src=\"https:\/\/agenciabrasil.ebc.com.br\/ebc.gif?id=1426701&amp;o=node\" \/><\/p>\n<p>Firmino se machucou na \u00faltima quarta (3), na vit\u00f3ria dos Reds sobre o Atl\u00e9tico de Madrid (2 a 0), pela Liga dos Campe\u00f5es.\u00a0 Segundo Lasmar, \u201ca les\u00e3o impede o atleta de participar dos treinos e jogos da sele\u00e7\u00e3o nas pr\u00f3ximas semanas\u201d.<\/p>\n<p>Tamb\u00e9m na \u00faltima quarta (3), Vin\u00edcius J\u00fanior brilhou pelo Real, ao dar assist\u00eancias nos gols da vit\u00f3ria por 2 a 1 sobre o Shakhtar Donetsk (Ucr\u00e2nia). A aus\u00eancia do atacante na convoca\u00e7\u00e3o de Tite, na \u00faltima sexta (29), desencadeou uma s\u00e9rie de cr\u00edticas. Na ocasi\u00e3o, Tite chegou a elogiar Vin\u00edcius pela boa temporada na Europa.<\/p>\n<p>&#8220;Vinicius Junior, um grande jogador, com potencial de crescimento impressionante, num grande momento no clube, que concorre naqueles atletas, digamos assim, atacantes agressivos. Agudo, o ponta que vai para dentro. O desempenho e a oportunidade que Raphinha e Antony tiveram, foi um momento importante para a convoca\u00e7\u00e3o, com todo o respeito nessa concorr\u00eancia leal que a gente procura&#8221;, disse Tite durante coletiva.<\/p>\n<p>O escrete canarinho, l\u00edder na tabela de classifica\u00e7\u00e3o das Eliminat\u00f3rias, entra em campo na pr\u00f3xima quinta (11), contra a Col\u00f4mbia,\u00e0s 21h30 (hor\u00e1rio de Bras\u00edlia), na Neo Qu\u00edmica Arena, em S\u00e3o Paulo. No dia 16 enfrenta a Argentina, na casa dos hermanos, em San Juan.<\/p>\n<p>Em 11 jogos disputados at\u00e9 o momento, o Brasil soma at\u00e9 o momento dez vit\u00f3rias e um empate. Tem 31 pontos, seis a mais que a Argentina, segunda colocada. Na terceira posi\u00e7\u00e3o est\u00e1 o Equador (17 pontos) e em quarto a Col\u00f4mbia (16).<\/p>\n<p><span style=\"font-weight: 400;\">Fonte: Ag\u00eancia Brasil <\/span><\/p>\n","protected":false},"excerpt":{"rendered":"<p>O atacante Vin\u00edcius J\u00fanior, atualmente no Real Madrid, foi convocado nesta sexta-feira (5) pelo t\u00e9cnico Tite a retornar a sele\u00e7\u00e3o brasileira para os pr\u00f3ximos dois confrontos pelas Eliminat\u00f3rias Sul-Americanas da Copa do Mundo do Catar. Ele substituir\u00e1 Roberto Firmino, do Liverpool (Inglaterra), cortado hoje, depois de avalia\u00e7\u00e3o de Rodrigo Lasmar, m\u00e9dico da sele\u00e7\u00e3o, que confirmou [&hellip;]<\/p>\n","protected":false},"author":246,"featured_media":190673,"comment_status":"closed","ping_status":"closed","sticky":false,"template":"","format":"standard","meta":{"footnotes":""},"categories":[436,257],"tags":[],"class_list":["post-190672","post","type-post","status-publish","format-standard","has-post-thumbnail","hentry","category-destaque-da-semana","category-esporte"],"_links":{"self":[{"href":"https:\/\/diarioregionaldigital.com.br\/index.php?rest_route=\/wp\/v2\/posts\/190672","targetHints":{"allow":["GET"]}}],"collection":[{"href":"https:\/\/diarioregionaldigital.com.br\/index.php?rest_route=\/wp\/v2\/posts"}],"about":[{"href":"https:\/\/diarioregionaldigital.com.br\/index.php?rest_route=\/wp\/v2\/types\/post"}],"author":[{"embeddable":true,"href":"https:\/\/diarioregionaldigital.com.br\/index.php?rest_route=\/wp\/v2\/users\/246"}],"replies":[{"embeddable":true,"href":"https:\/\/diarioregionaldigital.com.br\/index.php?rest_route=%2Fwp%2Fv2%2Fcomments&post=190672"}],"version-history":[{"count":1,"href":"https:\/\/diarioregionaldigital.com.br\/index.php?rest_route=\/wp\/v2\/posts\/190672\/revisions"}],"predecessor-version":[{"id":190674,"href":"https:\/\/diarioregionaldigital.com.br\/index.php?rest_route=\/wp\/v2\/posts\/190672\/revisions\/190674"}],"wp:featuredmedia":[{"embeddable":true,"href":"https:\/\/diarioregionaldigital.com.br\/index.php?rest_route=\/wp\/v2\/media\/190673"}],"wp:attachment":[{"href":"https:\/\/diarioregionaldigital.com.br\/index.php?rest_route=%2Fwp%2Fv2%2Fmedia&parent=190672"}],"wp:term":[{"taxonomy":"category","embeddable":true,"href":"https:\/\/diarioregionaldigital.com.br\/index.php?rest_route=%2Fwp%2Fv2%2Fcategories&post=190672"},{"taxonomy":"post_tag","embeddable":true,"href":"https:\/\/diarioregionaldigital.com.br\/index.php?rest_route=%2Fwp%2Fv2%2Ftags&post=190672"}],"curies":[{"name":"wp","href":"https:\/\/api.w.org\/{rel}","templated":true}]}}