{"id":190669,"date":"2021-11-05T20:14:59","date_gmt":"2021-11-05T23:14:59","guid":{"rendered":"https:\/\/diarioregionaldigital.com.br\/?p=190669"},"modified":"2021-11-05T20:14:59","modified_gmt":"2021-11-05T23:14:59","slug":"tentando-fincar-bandeira-no-rio-de-janeiro-jebs-chegam-ao-fim","status":"publish","type":"post","link":"https:\/\/diarioregionaldigital.com.br\/?p=190669","title":{"rendered":"Tentando fincar bandeira no Rio de Janeiro, JEBS chegam ao fim"},"content":{"rendered":"<p>Nesta sexta-feira (5), o Rio de Janeiro se despede dos Jogos Escolares Brasileiros de 2021 e de seus protagonistas, os jovens estudantes\/atletas com idades entre 12 e 14 anos. Ao mesmo tempo em que eles retornam para casa, a Confedera\u00e7\u00e3o Brasileira de Desporto Escolar (CBDE), respons\u00e1vel pela organiza\u00e7\u00e3o do evento, j\u00e1 pensa em como garantir mais edi\u00e7\u00f5es do JEBS. E tem uma prefer\u00eancia: manter a realiza\u00e7\u00e3o dos Jogos no Rio de Janeiro.<img decoding=\"async\" src=\"https:\/\/agenciabrasil.ebc.com.br\/ebc.png?id=1426750&amp;o=node\" \/><img decoding=\"async\" src=\"https:\/\/agenciabrasil.ebc.com.br\/ebc.gif?id=1426750&amp;o=node\" \/><\/p>\n<p>\u201cNosso interesse \u00e9 fixar os Jogos aqui. E por que o Rio de Janeiro? Porque todas as crian\u00e7as querem conhecer a Cidade Maravilhosa. Al\u00e9m disso, o Brasil precisa dar utilidade a essas instala\u00e7\u00f5es do legado ol\u00edmpico\u201d, diz o presidente da CBDE, Ant\u00f4nio Hora Filho.<\/p>\n<p>Segundo o dirigente, o or\u00e7amento para a realiza\u00e7\u00e3o da edi\u00e7\u00e3o 2021 (a primeira desde 2004) foi dividido entre patrocinadores, emendas parlamentares e recursos do Governo Federal. As duas primeiras partes j\u00e1 teriam demonstrado interesse em manter o apoio para que o evento volte a acontecer anualmente, se poss\u00edvel no Rio. O plano perfeito \u00e9 usar a edi\u00e7\u00e3o de 2022 como evento-teste para a Gymnas\u00edade sub-15 (que s\u00e3o os Jogos Escolares Mundiais para jovens com menos de 15 anos) de 2023, que j\u00e1 est\u00e1 confirmada para a cidade.<\/p>\n<p><strong>Sistema de disputa democr\u00e1tico<\/strong><\/p>\n<p>Um dos destaques nas modalidades coletivas (como handebol, futsal e v\u00f4lei) foi um sistema que garantiu que, em cada um desses esportes, 12 estados, ou seja, quase a metade dos 27 representados no evento, sa\u00edsse com uma medalha. As equipes foram inicialmente divididas em grupos. Os primeiros colocados dos grupos migravam para a S\u00e9rie Ouro. Os segundos, para a Prata. Os terceiros, para a Bronze. E os quartos para a Cobre. Cada s\u00e9rie contou com o pr\u00f3prio p\u00f3dio destacado. Com isso, ao inv\u00e9s de apenas tr\u00eas equipes conquistarem medalhas, foram 12.<\/p>\n<p>\u201cAcompanhando as premia\u00e7\u00f5es, vimos meninos e meninas felizes, por exemplo, com a prata na S\u00e9rie Bronze. No formato anterior, essas crian\u00e7as teriam terminado em 19\u00ba, 20\u00ba, e n\u00e3o voltariam com medalha\u201d, declara Hora Filho.<\/p>\n<p>Um caso de equipe beneficiada por esse sistema foi o time feminino de futsal de Tocantins. As representantes do estado eram alunas da Escola Estadual Ind\u00edgena M\u00e3tyn, de Tocantin\u00f3polis. Al\u00e9m do contato com uma cultura completamente diferente, elas conseguiram o bronze na S\u00e9rie Prata.<\/p>\n<p>\u201cMuitas vezes, para as crian\u00e7as, ganhar \u00e9 fundamental. Essa mudan\u00e7a deu a chance de v\u00e1rias outras escolas ganharem tamb\u00e9m. Isso ensina uma cultura pedag\u00f3gica diferente de outros eventos. Quando ela chega em casa com uma medalha, incentiva os irm\u00e3os, os primos, a se esfor\u00e7arem no esporte e tamb\u00e9m na escola\u201d, opina Ataide de Jesus, t\u00e9cnico da equipe.<\/p>\n<p><strong>Contato com \u00eddolos do esporte<\/strong><\/p>\n<p>Durante os Jogos, os jovens puderam ter contato com alguns \u00edcones do esporte brasileiro, que atuaram como embaixadores dos JEBS. No \u00faltimo dia de disputas do v\u00f4lei, por exemplo, Fof\u00e3o e Serginho, ambos camp\u00f5es ol\u00edmpicos pelo Brasil, estiveram presentes para acompanharem as finais. A ex-levantadora, inclusive, dedicou muito tempo a fotos e aut\u00f3grafos com f\u00e3s que possivelmente nunca a viram atuar, j\u00e1 que se aposentou em 2015, quando os jovens da atual edi\u00e7\u00e3o tinham entre 6 e 8 anos de idade.<\/p>\n<p>\u201cMuitas vezes, nem todos v\u00e3o sair daqui para se tornarem grandes atletas. Mas essa experi\u00eancia vivida, esse momento de conviver com outras pessoas de outros estados, isso pode ser motivo para sonhar com algo melhor para a vida deles\u201d, diz a ex-atleta.<\/p>\n<p><span style=\"font-weight: 400;\">Fonte: Ag\u00eancia Brasil <\/span><\/p>\n","protected":false},"excerpt":{"rendered":"<p>Nesta sexta-feira (5), o Rio de Janeiro se despede dos Jogos Escolares Brasileiros de 2021 e de seus protagonistas, os jovens estudantes\/atletas com idades entre 12 e 14 anos. Ao mesmo tempo em que eles retornam para casa, a Confedera\u00e7\u00e3o Brasileira de Desporto Escolar (CBDE), respons\u00e1vel pela organiza\u00e7\u00e3o do evento, j\u00e1 pensa em como garantir [&hellip;]<\/p>\n","protected":false},"author":246,"featured_media":190670,"comment_status":"closed","ping_status":"closed","sticky":false,"template":"","format":"standard","meta":{"footnotes":""},"categories":[436,257],"tags":[],"class_list":["post-190669","post","type-post","status-publish","format-standard","has-post-thumbnail","hentry","category-destaque-da-semana","category-esporte"],"_links":{"self":[{"href":"https:\/\/diarioregionaldigital.com.br\/index.php?rest_route=\/wp\/v2\/posts\/190669","targetHints":{"allow":["GET"]}}],"collection":[{"href":"https:\/\/diarioregionaldigital.com.br\/index.php?rest_route=\/wp\/v2\/posts"}],"about":[{"href":"https:\/\/diarioregionaldigital.com.br\/index.php?rest_route=\/wp\/v2\/types\/post"}],"author":[{"embeddable":true,"href":"https:\/\/diarioregionaldigital.com.br\/index.php?rest_route=\/wp\/v2\/users\/246"}],"replies":[{"embeddable":true,"href":"https:\/\/diarioregionaldigital.com.br\/index.php?rest_route=%2Fwp%2Fv2%2Fcomments&post=190669"}],"version-history":[{"count":1,"href":"https:\/\/diarioregionaldigital.com.br\/index.php?rest_route=\/wp\/v2\/posts\/190669\/revisions"}],"predecessor-version":[{"id":190671,"href":"https:\/\/diarioregionaldigital.com.br\/index.php?rest_route=\/wp\/v2\/posts\/190669\/revisions\/190671"}],"wp:featuredmedia":[{"embeddable":true,"href":"https:\/\/diarioregionaldigital.com.br\/index.php?rest_route=\/wp\/v2\/media\/190670"}],"wp:attachment":[{"href":"https:\/\/diarioregionaldigital.com.br\/index.php?rest_route=%2Fwp%2Fv2%2Fmedia&parent=190669"}],"wp:term":[{"taxonomy":"category","embeddable":true,"href":"https:\/\/diarioregionaldigital.com.br\/index.php?rest_route=%2Fwp%2Fv2%2Fcategories&post=190669"},{"taxonomy":"post_tag","embeddable":true,"href":"https:\/\/diarioregionaldigital.com.br\/index.php?rest_route=%2Fwp%2Fv2%2Ftags&post=190669"}],"curies":[{"name":"wp","href":"https:\/\/api.w.org\/{rel}","templated":true}]}}