{"id":190662,"date":"2021-11-05T20:10:22","date_gmt":"2021-11-05T23:10:22","guid":{"rendered":"https:\/\/diarioregionaldigital.com.br\/?p=190662"},"modified":"2021-11-05T20:10:22","modified_gmt":"2021-11-05T23:10:22","slug":"peso-pesado-keno-marley-e-vice-campeao-mundial-de-boxe-na-servia","status":"publish","type":"post","link":"https:\/\/diarioregionaldigital.com.br\/?p=190662","title":{"rendered":"Peso-pesado Keno Marley \u00e9 vice-campe\u00e3o mundial de boxe na S\u00e9rvia"},"content":{"rendered":"<p>Faltou muito pouco para o brasileiro Keno Marley, de 21 anos, conquistar o t\u00edtulo de campe\u00e3o mundial na categoria at\u00e9 86 quilos, mas ele parou\u00a0diante do cubano Loren Alfonso Dominguez, de 26 anos, naturalizado azerbaij\u00e3o e representante do pa\u00eds no campeonato mundial da modalidade, em Belgrado (S\u00e9rvia). Ap\u00f3s uma luta equilibrada na tarde desta sexta-feira (5), o jovem baiano foi superado por Dominguez por 3 a 2, e ficando com a medalha de prata, a conquista at\u00e9 agora mais importante na carreira do pugilista, nascido na pequena Spea\u00e7u (BA).<img decoding=\"async\" src=\"https:\/\/agenciabrasil.ebc.com.br\/ebc.png?id=1426740&amp;o=node\" \/><img decoding=\"async\" src=\"https:\/\/agenciabrasil.ebc.com.br\/ebc.gif?id=1426740&amp;o=node\" \/><\/p>\n<p>At\u00e9 chegar \u00e0 final, Marley foi desbancar v\u00e1rios advers\u00e1rios pelo caminho. Logo na estreia derrotou o cazaque Bek Nurmaganbet, campe\u00e3o asi\u00e1tico de 2019. Na sequ\u00eancia, o baiano emplacou vit\u00f3rias un\u00e2nimes (5 a 0) contra o coreano Hyeongkyu Kim nas oitavas, e contra o polon\u00eas Sebastian Viktozakdo, nas quartas.\u00a0 Na semi, j\u00e1 com o bronze garantido &#8211; n\u00e3o disputa de terceiro lugar na modalidade &#8211; o baiano despachou o o belga Victor Schelstraete, tamb\u00e9m por 5 a 0.<\/p>\n<p>O jovem baiano\u00a0vem acumulando resultados promissores nos \u00faltimos tr\u00eas anos. Conquistou a medalha de ouro nos Jogos Pan-Americananos da Juventude, em Buenos Aires (Argentina), em 2018, e no ano seguinte faturou a prata no Pan-Americano de Lima (Peru). O pugilista tamb\u00e9m representou o Brasil em T\u00f3quio 2020, mas foi eliminado nas quartas de final, por 3 a 2, brit\u00e2nico Benjamin Whittaker.<\/p>\n<p>Com a prata conquistada por Marley nesta sexta (5), o Brasil chega a oito medalhas na disputa masculina em Mundiais (um ouro, duas pratas e cinco bronzes), e quatro na feminina (dois ouros e dois bronzes), em competi\u00e7\u00f5es da\u00a0Associa\u00e7\u00e3o Internacional de Boxe Amardor (Aiba) . A primeira brasileira campe\u00e3 mundial foi a peso-leve Roseli Feitosa, em 2010, e em 2019 foi a vez da peso leve Beatriz Ferreira colocar o ouro o peito.\u00a0\u00a0No masculino, o \u00fanico campe\u00e3o mundial at\u00e9 o momento \u00e9 conterr\u00e2neo de Marley: \u00c9verton Lopes faturou o t\u00edtulo em\u00a02011, na categoria at\u00e9 64 kg (meio-m\u00e9dio ligeiro).<\/p>\n<p><span style=\"font-weight: 400;\">Fonte: Ag\u00eancia Brasil <\/span><\/p>\n","protected":false},"excerpt":{"rendered":"<p>Faltou muito pouco para o brasileiro Keno Marley, de 21 anos, conquistar o t\u00edtulo de campe\u00e3o mundial na categoria at\u00e9 86 quilos, mas ele parou\u00a0diante do cubano Loren Alfonso Dominguez, de 26 anos, naturalizado azerbaij\u00e3o e representante do pa\u00eds no campeonato mundial da modalidade, em Belgrado (S\u00e9rvia). Ap\u00f3s uma luta equilibrada na tarde desta sexta-feira [&hellip;]<\/p>\n","protected":false},"author":246,"featured_media":190663,"comment_status":"closed","ping_status":"closed","sticky":false,"template":"","format":"standard","meta":{"footnotes":""},"categories":[436,440,257],"tags":[],"class_list":["post-190662","post","type-post","status-publish","format-standard","has-post-thumbnail","hentry","category-destaque-da-semana","category-destaques-do-dia","category-esporte"],"_links":{"self":[{"href":"https:\/\/diarioregionaldigital.com.br\/index.php?rest_route=\/wp\/v2\/posts\/190662","targetHints":{"allow":["GET"]}}],"collection":[{"href":"https:\/\/diarioregionaldigital.com.br\/index.php?rest_route=\/wp\/v2\/posts"}],"about":[{"href":"https:\/\/diarioregionaldigital.com.br\/index.php?rest_route=\/wp\/v2\/types\/post"}],"author":[{"embeddable":true,"href":"https:\/\/diarioregionaldigital.com.br\/index.php?rest_route=\/wp\/v2\/users\/246"}],"replies":[{"embeddable":true,"href":"https:\/\/diarioregionaldigital.com.br\/index.php?rest_route=%2Fwp%2Fv2%2Fcomments&post=190662"}],"version-history":[{"count":1,"href":"https:\/\/diarioregionaldigital.com.br\/index.php?rest_route=\/wp\/v2\/posts\/190662\/revisions"}],"predecessor-version":[{"id":190664,"href":"https:\/\/diarioregionaldigital.com.br\/index.php?rest_route=\/wp\/v2\/posts\/190662\/revisions\/190664"}],"wp:featuredmedia":[{"embeddable":true,"href":"https:\/\/diarioregionaldigital.com.br\/index.php?rest_route=\/wp\/v2\/media\/190663"}],"wp:attachment":[{"href":"https:\/\/diarioregionaldigital.com.br\/index.php?rest_route=%2Fwp%2Fv2%2Fmedia&parent=190662"}],"wp:term":[{"taxonomy":"category","embeddable":true,"href":"https:\/\/diarioregionaldigital.com.br\/index.php?rest_route=%2Fwp%2Fv2%2Fcategories&post=190662"},{"taxonomy":"post_tag","embeddable":true,"href":"https:\/\/diarioregionaldigital.com.br\/index.php?rest_route=%2Fwp%2Fv2%2Ftags&post=190662"}],"curies":[{"name":"wp","href":"https:\/\/api.w.org\/{rel}","templated":true}]}}