{"id":190659,"date":"2021-11-05T20:04:06","date_gmt":"2021-11-05T23:04:06","guid":{"rendered":"https:\/\/diarioregionaldigital.com.br\/?p=190659"},"modified":"2021-11-05T20:04:06","modified_gmt":"2021-11-05T23:04:06","slug":"deltan-dallagnol-anuncia-saida-do-ministerio-publico","status":"publish","type":"post","link":"https:\/\/diarioregionaldigital.com.br\/?p=190659","title":{"rendered":"Deltan Dallagnol anuncia sa\u00edda do Minist\u00e9rio P\u00fablico"},"content":{"rendered":"<p>O procurador da Rep\u00fablica Deltan Dallagnol anunciou\u00a0hoje\u00a0(4) nas redes sociais que vai pedir desligamento definitivo do Minist\u00e9rio P\u00fablico Federal (MPF). Servidor concursado, Deltan atuou como chefe da for\u00e7a-tarefa da Opera\u00e7\u00e3o Lava Jato em Curitiba entre 2014 e 2020.\u00a0<img decoding=\"async\" src=\"https:\/\/agenciabrasil.ebc.com.br\/ebc.png?id=1426628&amp;o=node\" \/><img decoding=\"async\" src=\"https:\/\/agenciabrasil.ebc.com.br\/ebc.gif?id=1426628&amp;o=node\" \/><\/p>\n<p>Em um v\u00eddeo postado na internet, o procurador disse que passou 18 anos no Minist\u00e9rio P\u00fablico, mas que o trabalho de combate \u00e0 corrup\u00e7\u00e3o vem sendo enfraquecido.<\/p>\n<p>\u201cEu creio que agora eu posso fazer mais pelo pa\u00eds fora do Minist\u00e9rio P\u00fablico, lutando com mais liberdade pelas causas em que eu acredito. \u00c0s vezes, \u00e9 necess\u00e1rio dar um passo de f\u00e9 na dire\u00e7\u00e3o dos nossos sonhos. Eu tenho v\u00e1rias ideias sobre como eu posso contribuir e serei capaz de avaliar, refletir e orar melhor sobre essas ideias depois de sair do Minist\u00e9rio P\u00fablico. Assim que essas ideias se concretizarem em planos e a\u00e7\u00f5es, eu vou compartilhar com voc\u00eas\u201d, afirmou.<\/p>\n<p>Em setembro do ano passado,\u00a0Deltan deixou o comando da Lava Jato no Paran\u00e1 ap\u00f3s seis anos no cargo. Na ocasi\u00e3o, ele afirmou que se afastou por quest\u00f5es de sa\u00fade em sua fam\u00edlia.<\/p>\n<p><span style=\"font-weight: 400;\"><br \/>\n<\/span><span style=\"font-weight: 400;\">Fonte: Ag\u00eancia Brasil <\/span><\/p>\n","protected":false},"excerpt":{"rendered":"<p>O procurador da Rep\u00fablica Deltan Dallagnol anunciou\u00a0hoje\u00a0(4) nas redes sociais que vai pedir desligamento definitivo do Minist\u00e9rio P\u00fablico Federal (MPF). Servidor concursado, Deltan atuou como chefe da for\u00e7a-tarefa da Opera\u00e7\u00e3o Lava Jato em Curitiba entre 2014 e 2020.\u00a0 Em um v\u00eddeo postado na internet, o procurador disse que passou 18 anos no Minist\u00e9rio P\u00fablico, mas [&hellip;]<\/p>\n","protected":false},"author":246,"featured_media":190660,"comment_status":"closed","ping_status":"closed","sticky":false,"template":"","format":"standard","meta":{"footnotes":""},"categories":[436,254],"tags":[],"class_list":["post-190659","post","type-post","status-publish","format-standard","has-post-thumbnail","hentry","category-destaque-da-semana","category-politica"],"_links":{"self":[{"href":"https:\/\/diarioregionaldigital.com.br\/index.php?rest_route=\/wp\/v2\/posts\/190659","targetHints":{"allow":["GET"]}}],"collection":[{"href":"https:\/\/diarioregionaldigital.com.br\/index.php?rest_route=\/wp\/v2\/posts"}],"about":[{"href":"https:\/\/diarioregionaldigital.com.br\/index.php?rest_route=\/wp\/v2\/types\/post"}],"author":[{"embeddable":true,"href":"https:\/\/diarioregionaldigital.com.br\/index.php?rest_route=\/wp\/v2\/users\/246"}],"replies":[{"embeddable":true,"href":"https:\/\/diarioregionaldigital.com.br\/index.php?rest_route=%2Fwp%2Fv2%2Fcomments&post=190659"}],"version-history":[{"count":1,"href":"https:\/\/diarioregionaldigital.com.br\/index.php?rest_route=\/wp\/v2\/posts\/190659\/revisions"}],"predecessor-version":[{"id":190661,"href":"https:\/\/diarioregionaldigital.com.br\/index.php?rest_route=\/wp\/v2\/posts\/190659\/revisions\/190661"}],"wp:featuredmedia":[{"embeddable":true,"href":"https:\/\/diarioregionaldigital.com.br\/index.php?rest_route=\/wp\/v2\/media\/190660"}],"wp:attachment":[{"href":"https:\/\/diarioregionaldigital.com.br\/index.php?rest_route=%2Fwp%2Fv2%2Fmedia&parent=190659"}],"wp:term":[{"taxonomy":"category","embeddable":true,"href":"https:\/\/diarioregionaldigital.com.br\/index.php?rest_route=%2Fwp%2Fv2%2Fcategories&post=190659"},{"taxonomy":"post_tag","embeddable":true,"href":"https:\/\/diarioregionaldigital.com.br\/index.php?rest_route=%2Fwp%2Fv2%2Ftags&post=190659"}],"curies":[{"name":"wp","href":"https:\/\/api.w.org\/{rel}","templated":true}]}}