{"id":190656,"date":"2021-11-05T20:02:33","date_gmt":"2021-11-05T23:02:33","guid":{"rendered":"https:\/\/diarioregionaldigital.com.br\/?p=190656"},"modified":"2021-11-05T20:02:33","modified_gmt":"2021-11-05T23:02:33","slug":"eleitores-de-carapebus-no-rio-escolhem-novo-prefeito-no-domingo","status":"publish","type":"post","link":"https:\/\/diarioregionaldigital.com.br\/?p=190656","title":{"rendered":"Eleitores de Carapebus, no Rio, escolhem novo prefeito no domingo"},"content":{"rendered":"<p>Cerca de 12,6 mil eleitores de Carapebus, no norte do estado do Rio, voltam \u00e0s urnas neste domingo (7) para escolher o novo prefeito e o vice-prefeito. A ex-prefeita Christiane Miranda Cordeiro (PP) foi afastada do cargo depois de ter sua candidatura indeferida pela Justi\u00e7a Eleitoral, por rejei\u00e7\u00e3o de contas pela C\u00e2mara Municipal em 2017.<img decoding=\"async\" src=\"https:\/\/agenciabrasil.ebc.com.br\/ebc.png?id=1426656&amp;o=node\" \/><img decoding=\"async\" src=\"https:\/\/agenciabrasil.ebc.com.br\/ebc.gif?id=1426656&amp;o=node\" \/><\/p>\n<p>Tr\u00eas chapas disputam a elei\u00e7\u00e3o suplementar em Carapebus: Bernard Tavares Didimo (Republicanos), Leandro Drumond Esteves, o Dandinho (Avante) e Edward Ferreira de Ara\u00fajo Filho (PMB).<\/p>\n<p>As se\u00e7\u00f5es eleitorais funcionar\u00e3o das 7h \u00e0s 17h. Como medidas para evitar contamina\u00e7\u00e3o por covid-19, n\u00e3o haver\u00e1 identifica\u00e7\u00e3o biom\u00e9trica, a apresenta\u00e7\u00e3o do documento de identifica\u00e7\u00e3o ao mes\u00e1rio ser\u00e1 feita a dist\u00e2ncia e o uso de m\u00e1scara ser\u00e1 obrigat\u00f3rio nos locais de vota\u00e7\u00e3o.<\/p>\n<p><span style=\"font-weight: 400;\">Fonte: Ag\u00eancia Brasil <\/span><\/p>\n","protected":false},"excerpt":{"rendered":"<p>Cerca de 12,6 mil eleitores de Carapebus, no norte do estado do Rio, voltam \u00e0s urnas neste domingo (7) para escolher o novo prefeito e o vice-prefeito. A ex-prefeita Christiane Miranda Cordeiro (PP) foi afastada do cargo depois de ter sua candidatura indeferida pela Justi\u00e7a Eleitoral, por rejei\u00e7\u00e3o de contas pela C\u00e2mara Municipal em 2017. [&hellip;]<\/p>\n","protected":false},"author":246,"featured_media":190657,"comment_status":"closed","ping_status":"closed","sticky":false,"template":"","format":"standard","meta":{"footnotes":""},"categories":[436,254],"tags":[],"class_list":["post-190656","post","type-post","status-publish","format-standard","has-post-thumbnail","hentry","category-destaque-da-semana","category-politica"],"_links":{"self":[{"href":"https:\/\/diarioregionaldigital.com.br\/index.php?rest_route=\/wp\/v2\/posts\/190656","targetHints":{"allow":["GET"]}}],"collection":[{"href":"https:\/\/diarioregionaldigital.com.br\/index.php?rest_route=\/wp\/v2\/posts"}],"about":[{"href":"https:\/\/diarioregionaldigital.com.br\/index.php?rest_route=\/wp\/v2\/types\/post"}],"author":[{"embeddable":true,"href":"https:\/\/diarioregionaldigital.com.br\/index.php?rest_route=\/wp\/v2\/users\/246"}],"replies":[{"embeddable":true,"href":"https:\/\/diarioregionaldigital.com.br\/index.php?rest_route=%2Fwp%2Fv2%2Fcomments&post=190656"}],"version-history":[{"count":1,"href":"https:\/\/diarioregionaldigital.com.br\/index.php?rest_route=\/wp\/v2\/posts\/190656\/revisions"}],"predecessor-version":[{"id":190658,"href":"https:\/\/diarioregionaldigital.com.br\/index.php?rest_route=\/wp\/v2\/posts\/190656\/revisions\/190658"}],"wp:featuredmedia":[{"embeddable":true,"href":"https:\/\/diarioregionaldigital.com.br\/index.php?rest_route=\/wp\/v2\/media\/190657"}],"wp:attachment":[{"href":"https:\/\/diarioregionaldigital.com.br\/index.php?rest_route=%2Fwp%2Fv2%2Fmedia&parent=190656"}],"wp:term":[{"taxonomy":"category","embeddable":true,"href":"https:\/\/diarioregionaldigital.com.br\/index.php?rest_route=%2Fwp%2Fv2%2Fcategories&post=190656"},{"taxonomy":"post_tag","embeddable":true,"href":"https:\/\/diarioregionaldigital.com.br\/index.php?rest_route=%2Fwp%2Fv2%2Ftags&post=190656"}],"curies":[{"name":"wp","href":"https:\/\/api.w.org\/{rel}","templated":true}]}}