{"id":190650,"date":"2021-11-05T19:58:21","date_gmt":"2021-11-05T22:58:21","guid":{"rendered":"https:\/\/diarioregionaldigital.com.br\/?p=190650"},"modified":"2021-11-05T19:58:21","modified_gmt":"2021-11-05T22:58:21","slug":"arrecadacao-de-leilao-do-5g-deve-ultrapassar-r-50-bi-diz-ministro","status":"publish","type":"post","link":"https:\/\/diarioregionaldigital.com.br\/?p=190650","title":{"rendered":"Arrecada\u00e7\u00e3o de leil\u00e3o do 5G deve ultrapassar R$ 50 bi, diz ministro"},"content":{"rendered":"<p>O ministro das Comunica\u00e7\u00f5es, F\u00e1bio Faria, disse hoje (4) acreditar que o valor de arrecada\u00e7\u00e3o do\u00a0<a href=\"https:\/\/agenciabrasil.ebc.com.br\/geral\/noticia\/2021-11\/claro-vivo-e-tim-arrematam-faixa-de-35-ghz-do-leilao-do-5g\" target=\"_blank\" rel=\"noopener\">leil\u00e3o do 5G<\/a>\u00a0deve ultrapassar os R$ 50 bilh\u00f5es inicialmente previstos. Durante\u00a0<em>live\u00a0<\/em>semanal do presidente Jair Bolsonaro, Faria classificou o leil\u00e3o como o maior do setor em toda a Am\u00e9rica Latina.<img decoding=\"async\" src=\"https:\/\/agenciabrasil.ebc.com.br\/ebc.png?id=1426643&amp;o=node\" \/><img decoding=\"async\" src=\"https:\/\/agenciabrasil.ebc.com.br\/ebc.gif?id=1426643&amp;o=node\" \/><\/p>\n<p>\u201cEstamos, hoje, no valor estimado de R$ 50 bilh\u00f5es. Deve terminar amanh\u00e3 (5) de manh\u00e3. Antes da\u00a0<em>live<\/em>, j\u00e1 estava em R$ 43 bilh\u00f5es. Vai passar dos R$ 50 bilh\u00f5es. At\u00e9 amanh\u00e3, a gente tem esse n\u00famero. \u00c9 o maior leil\u00e3o da hist\u00f3ria das telecomunica\u00e7\u00f5es da Am\u00e9rica Latina inteira. Isso mostra que o Brasil, quando quer trabalhar e fazer bem-feito, ele faz.\u201d<\/p>\n<p>Segundo o ministro, em janeiro de 2019, quase 50 milh\u00f5es de brasileiros n\u00e3o tinham acesso \u00e0 internet. Desses, 9 milh\u00f5es passaram a estar conectados, incluindo 500 aldeias ind\u00edgenas e mais de 10 mil escolas, totalizando 15 mil pontos de internet instalados no pa\u00eds.<\/p>\n<p>\u201cS\u00f3 que a gente n\u00e3o tem como levar internet pro Brasil todo s\u00f3 com<em>\u00a0wi-fi<\/em>. At\u00e9 porque o Brasil \u00e9 muito grande e a internet de fibra \u00f3tica \u00e9 muito melhor. A gente vai fazer o leil\u00e3o e o Brasil vai ser o primeiro pa\u00eds da Am\u00e9rica Latina a colocar o 5G funcionando\u201d, disse.<\/p>\n<p>O ministro destacou que o formato do leil\u00e3o \u00e9 n\u00e3o arrecadat\u00f3rio. \u201cV\u00e3o entrar R$ 50 bilh\u00f5es no caixa \u2013 R$ 10 bilh\u00f5es ficam pro governo e R$ 40 bilh\u00f5es v\u00e3o pro setor de telecomunica\u00e7\u00f5es, para levar internet para as 40 milh\u00f5es de pessoas que n\u00e3o t\u00eam. Nessas 9,8 mil localidades sem internet, zero, vai chegar internet pra todo mundo e de alta qualidade\u201d, completou.<\/p>\n<p><strong>Estradas e agroneg\u00f3cio<\/strong><\/p>\n<p>De acordo com o ministro, a previs\u00e3o \u00e9 que, na Regi\u00e3o Norte, maior deserto digital do pa\u00eds, 10 milh\u00f5es de pessoas passem a estar conectadas. As estradas federais, segundo ele, tamb\u00e9m devem ser contempladas e receber pontos de internet.<\/p>\n<p>\u201c\u00c9 uma pauta dos caminhoneiros, uma reivindica\u00e7\u00e3o que ajuda a evitar acidente, assalto. E o 5G vai conectar todo o agroneg\u00f3cio. O escoamento da produ\u00e7\u00e3o que vai pela estrada vai estar 100% conectado at\u00e9 o porto e o aeroporto\u201d.<\/p>\n<p><strong>Escolas<\/strong><\/p>\n<p>Dados do minist\u00e9rio mostram que h\u00e1, no Brasil, cerca de 7 mil escolas urbanas sem internet no momento. A proposta do governo \u00e9 que elas passem a estar conectadas por meio do valor arrecadado no leil\u00e3o do 5G.<\/p>\n<p>\u201cDas 85 mil escolas que existem na \u00e1rea urbana, 72 mil receber\u00e3o internet 5G<em>\u00a0standalone<\/em>\u201d, concluiu Faria, ao se referir ao chamado 5G puro, que permite velocidade de conex\u00e3o mais r\u00e1pida, dentre outras vantagens.<\/p>\n<p><span style=\"font-weight: 400;\">Fonte: Ag\u00eancia Brasil <\/span><\/p>\n","protected":false},"excerpt":{"rendered":"<p>O ministro das Comunica\u00e7\u00f5es, F\u00e1bio Faria, disse hoje (4) acreditar que o valor de arrecada\u00e7\u00e3o do\u00a0leil\u00e3o do 5G\u00a0deve ultrapassar os R$ 50 bilh\u00f5es inicialmente previstos. Durante\u00a0live\u00a0semanal do presidente Jair Bolsonaro, Faria classificou o leil\u00e3o como o maior do setor em toda a Am\u00e9rica Latina. \u201cEstamos, hoje, no valor estimado de R$ 50 bilh\u00f5es. Deve terminar [&hellip;]<\/p>\n","protected":false},"author":246,"featured_media":190651,"comment_status":"closed","ping_status":"closed","sticky":false,"template":"","format":"standard","meta":{"footnotes":""},"categories":[436,440,254],"tags":[],"class_list":["post-190650","post","type-post","status-publish","format-standard","has-post-thumbnail","hentry","category-destaque-da-semana","category-destaques-do-dia","category-politica"],"_links":{"self":[{"href":"https:\/\/diarioregionaldigital.com.br\/index.php?rest_route=\/wp\/v2\/posts\/190650","targetHints":{"allow":["GET"]}}],"collection":[{"href":"https:\/\/diarioregionaldigital.com.br\/index.php?rest_route=\/wp\/v2\/posts"}],"about":[{"href":"https:\/\/diarioregionaldigital.com.br\/index.php?rest_route=\/wp\/v2\/types\/post"}],"author":[{"embeddable":true,"href":"https:\/\/diarioregionaldigital.com.br\/index.php?rest_route=\/wp\/v2\/users\/246"}],"replies":[{"embeddable":true,"href":"https:\/\/diarioregionaldigital.com.br\/index.php?rest_route=%2Fwp%2Fv2%2Fcomments&post=190650"}],"version-history":[{"count":1,"href":"https:\/\/diarioregionaldigital.com.br\/index.php?rest_route=\/wp\/v2\/posts\/190650\/revisions"}],"predecessor-version":[{"id":190652,"href":"https:\/\/diarioregionaldigital.com.br\/index.php?rest_route=\/wp\/v2\/posts\/190650\/revisions\/190652"}],"wp:featuredmedia":[{"embeddable":true,"href":"https:\/\/diarioregionaldigital.com.br\/index.php?rest_route=\/wp\/v2\/media\/190651"}],"wp:attachment":[{"href":"https:\/\/diarioregionaldigital.com.br\/index.php?rest_route=%2Fwp%2Fv2%2Fmedia&parent=190650"}],"wp:term":[{"taxonomy":"category","embeddable":true,"href":"https:\/\/diarioregionaldigital.com.br\/index.php?rest_route=%2Fwp%2Fv2%2Fcategories&post=190650"},{"taxonomy":"post_tag","embeddable":true,"href":"https:\/\/diarioregionaldigital.com.br\/index.php?rest_route=%2Fwp%2Fv2%2Ftags&post=190650"}],"curies":[{"name":"wp","href":"https:\/\/api.w.org\/{rel}","templated":true}]}}