{"id":190647,"date":"2021-11-05T19:53:17","date_gmt":"2021-11-05T22:53:17","guid":{"rendered":"https:\/\/diarioregionaldigital.com.br\/?p=190647"},"modified":"2021-11-05T19:53:17","modified_gmt":"2021-11-05T22:53:17","slug":"brasil-corta-em-10-as-tarifas-de-importacao","status":"publish","type":"post","link":"https:\/\/diarioregionaldigital.com.br\/?p=190647","title":{"rendered":"Brasil corta em 10% as tarifas de importa\u00e7\u00e3o"},"content":{"rendered":"<p>O governo brasileiro anunciou hoje (5) a redu\u00e7\u00e3o em 10% das tarifas de importa\u00e7\u00e3o de aproximadamente 87% dos bens e servi\u00e7os importados. A decis\u00e3o do Comit\u00ea Executivo de Gest\u00e3o da C\u00e2mara de Com\u00e9rcio Exterior (Camex) tem validade at\u00e9 o dia 31 de dezembro de 2022.<img decoding=\"async\" src=\"https:\/\/agenciabrasil.ebc.com.br\/ebc.png?id=1426717&amp;o=node\" \/><img decoding=\"async\" src=\"https:\/\/agenciabrasil.ebc.com.br\/ebc.gif?id=1426717&amp;o=node\" \/><\/p>\n<p><a href=\"http:\/\/gov.br\/mre\/pt-br\/canais_atendimento\/imprensa\/notas-a-imprensa\/nota-conjunta-do-ministerio-das-relacoes-exteriores-e-do-ministerio-da-economia-resolucao-no-269-do-comite-executivo-de-gestao-da-camex-reduz-em-10-as-aliquotas-ad-valorem-do-imposto-de-importacao-de-aproximadamente-87-do-universo-tarifario\" target=\"_blank\" rel=\"noopener\">Em nota conjunta<\/a>, divulgada pelo Minist\u00e9rios da Economia e das Rela\u00e7\u00f5es Exteriores, o governo diz que a medida \u201cjustifica-se pela situa\u00e7\u00e3o de urg\u00eancia trazida pela pandemia de covid-19 e pela necessidade de poder contar, de forma imediata, com instrumento que possa contribuir para aliviar seus efeitos negativos sobre a vida e a sa\u00fade da popula\u00e7\u00e3o brasileira\u201d.<\/p>\n<p><strong>Infla\u00e7\u00e3o<\/strong><\/p>\n<p>O ministro da Economia, Paulo Guedes, disse nesta sexta-feira (5) que essa redu\u00e7\u00e3o nas tarifas de importa\u00e7\u00e3o vai ajudar a moderar a infla\u00e7\u00e3o no pa\u00eds. Ele comentou o corte nas al\u00edquotas durante sua participa\u00e7\u00e3o na terceira edi\u00e7\u00e3o da Confer\u00eancia de Com\u00e9rcio Internacional e Servi\u00e7os do Mercosul, promovida pelo Conselho de C\u00e2maras de Com\u00e9rcio do bloco econ\u00f4mico.<\/p>\n<p>\u201cA nossa Tarifa Externa Comum ainda \u00e9 muito elevada e isso num momento como o atual, em que n\u00f3s temos uma press\u00e3o inflacion\u00e1ria forte na economia brasileira e gostar\u00edamos de dar um choque de oferta, facilitar a entrada de importa\u00e7\u00f5es para dar uma modera\u00e7\u00e3o nos reajustes de pre\u00e7os, \u00e9 o momento ideal para fazer uma abertura, ainda que t\u00edmida, da economia\u201d, afirmou o ministro.<\/p>\n<p><strong>Competitividade<\/strong><\/p>\n<p>O ministro das Rela\u00e7\u00f5es Exteriores, Carlos Fran\u00e7a, defendeu hoje (5) que a TEC preserve a competitividade das empresas nacionais, mas que resulte ao mesmo tempo numa redu\u00e7\u00e3o dos pre\u00e7os internos no bloco.<\/p>\n<p>O chanceler brasileiro falou sobre o tema em declara\u00e7\u00e3o conjunta \u00e0 imprensa ap\u00f3s receber seu hom\u00f3logo paraguaio, Euclides Acevedo, no Pal\u00e1cio do Itamaraty, em Bras\u00edlia. Fran\u00e7a disse que ambos os pa\u00edses alcan\u00e7aram uma \u201ccoincid\u00eancia\u201d no debate sobre uma nova tarifa.<\/p>\n<p>\u201cCoincid\u00eancia entre Brasil e Paraguai na concep\u00e7\u00e3o de um Mercosul moderno, na necessidade de um consenso para que possamos trabalhar numa tarifa externa comum que traga competitividade e tamb\u00e9m uma modicidade de pre\u00e7os aos nossos consumidores\u201d, disse Fran\u00e7a.<\/p>\n<p><strong>Acordo com a Argentina<\/strong><\/p>\n<p>A\u00a0<a href=\"https:\/\/agenciabrasil.ebc.com.br\/economia\/noticia\/2021-10\/brasil-e-argentina-fecham-acordo-para-cortar-tarifa-do-mercosul-em-10\">medida havia sido acertada com a Argentina<\/a>\u00a0no in\u00edcio do outubro, mas dependia da aprova\u00e7\u00e3o dos outros s\u00f3cios do bloco, Paraguai e do Uruguai, para entrar em vigor.<\/p>\n<p>A decis\u00e3o atinge 87% dos produtos de fora do Mercosul. Por terem tratamento distinto dentro do bloco, autom\u00f3veis e produtos sucroalcooleiros pagam tarifas externas comuns pr\u00f3prias e n\u00e3o tiveram o Imposto de Importa\u00e7\u00e3o reduzido.<\/p>\n<p>Com a decis\u00e3o, um produto que paga 12% para entrar no Brasil pagar\u00e1 10,8%. Segundo o Minist\u00e9rio da Economia, a TEC m\u00e9dia do Mercosul est\u00e1 em torno de 13%, contra a m\u00e9dia de 4% e 5% observada no resto do mundo.<\/p>\n<p><strong>Lista de exce\u00e7\u00e3o<\/strong><\/p>\n<p>Por ser uma uni\u00e3o aduaneira, o Mercosul taxa a maioria dos produtos de fora do bloco de forma igual por meio da Tarifa Externa Comum (TEC), eliminando as tarifas internas na circula\u00e7\u00e3o desses bens entre os pa\u00edses do bloco. Al\u00e9m de produtos com tratamento especial, cada pa\u00eds pode estabelecer uma lista com at\u00e9 100 exce\u00e7\u00f5es.<\/p>\n<p>Geralmente, os bens na lista de exce\u00e7\u00e3o abrangem itens n\u00e3o produzidos em nenhum pa\u00eds do Mercosul classificados como essenciais por determinado pa\u00eds do bloco. Tamb\u00e9m existe um mecanismo chamado de ex-tarif\u00e1rio, que permite reduzir a zero a al\u00edquota para bens de capital (m\u00e1quinas e equipamentos) e de equipamentos de inform\u00e1tica e telecomunica\u00e7\u00f5es.<\/p>\n<p>Em rela\u00e7\u00e3o aos demais produtos, as regras do bloco pro\u00edbem o corte de tarifas externas de forma unilateral. Para evitar o descumprimento do tratado do Mercosul, o Brasil recorreu a um dispositivo que permite a ado\u00e7\u00e3o de medidas voltadas para a prote\u00e7\u00e3o da vida e da sa\u00fade da popula\u00e7\u00e3o, usando a pandemia de covid-19 como justificativa.<\/p>\n<p><strong>Negocia\u00e7\u00f5es<\/strong><\/p>\n<p>Segundo o Minist\u00e9rio da Economia e o Itamaraty, a redu\u00e7\u00e3o \u00e9 tempor\u00e1ria, e o governo brasileiro continuar\u00e1 a trabalhar para modernizar o Mercosul e reformular a TEC, que nunca tinha sido revisada em mais de 25 anos de exist\u00eancia. \u201cO Brasil permanece plenamente engajado nas negocia\u00e7\u00f5es em curso no Mercosul. Os Minist\u00e9rios da Economia e das Rela\u00e7\u00f5es Exteriores reiteram o car\u00e1ter excepcional e tempor\u00e1rio da presente resolu\u00e7\u00e3o, ao mesmo tempo em que reafirmam seu compromisso com o Mercosul\u201d, explicou o comunicado.<\/p>\n<p>Apesar do acordo recente com a Argentina, as negocia\u00e7\u00f5es para que Uruguai e Paraguai aceitassem a redu\u00e7\u00e3o da TEC estavam travadas. Inicialmente, o\u00a0<a href=\"https:\/\/agenciabrasil.ebc.com.br\/economia\/noticia\/2021-04\/brasil-apoia-proposta-uruguaia-de-reduzir-em-20-tarifa-do-mercosul\">Uruguai queria a redu\u00e7\u00e3o da TEC em 20%<\/a>\u00a0neste ano e para todos os produtos de fora do bloco.\u00a0 A Argentina queria redu\u00e7\u00e3o de apenas 10% para alguns produtos.<\/p>\n<p>Posteriormente, o governo brasileiro passou a apoiar uma\u00a0<a href=\"https:\/\/agenciabrasil.ebc.com.br\/economia\/noticia\/2021-08\/guedes-fala-em-modernizar-mercosul-e-sugere-reduzir-tarifa-do-bloco\">redu\u00e7\u00e3o em etapas<\/a>: 10%, em 2021, e 10%, em 2022. No entanto, a Argentina continuava resistindo e aceitava a redu\u00e7\u00e3o m\u00e1xima da TEC em 10%.<\/p>\n<p>Na reuni\u00e3o entre os chanceleres da Argentina e do Brasil no m\u00eas passado, o pa\u00eds vizinho concordou em ampliar a lista de produtos com TEC reduzida. Em contrapartida, o governo brasileiro se comprometeu a financiar a constru\u00e7\u00e3o de um gasoduto da reserva argentina de Vaca Muerta para o Brasil.<\/p>\n<p>Fonte: Ag\u00eancia Brasil<\/p>\n","protected":false},"excerpt":{"rendered":"<p>O governo brasileiro anunciou hoje (5) a redu\u00e7\u00e3o em 10% das tarifas de importa\u00e7\u00e3o de aproximadamente 87% dos bens e servi\u00e7os importados. A decis\u00e3o do Comit\u00ea Executivo de Gest\u00e3o da C\u00e2mara de Com\u00e9rcio Exterior (Camex) tem validade at\u00e9 o dia 31 de dezembro de 2022. Em nota conjunta, divulgada pelo Minist\u00e9rios da Economia e das [&hellip;]<\/p>\n","protected":false},"author":246,"featured_media":190648,"comment_status":"closed","ping_status":"closed","sticky":false,"template":"","format":"standard","meta":{"footnotes":""},"categories":[436,261],"tags":[],"class_list":["post-190647","post","type-post","status-publish","format-standard","has-post-thumbnail","hentry","category-destaque-da-semana","category-economia"],"_links":{"self":[{"href":"https:\/\/diarioregionaldigital.com.br\/index.php?rest_route=\/wp\/v2\/posts\/190647","targetHints":{"allow":["GET"]}}],"collection":[{"href":"https:\/\/diarioregionaldigital.com.br\/index.php?rest_route=\/wp\/v2\/posts"}],"about":[{"href":"https:\/\/diarioregionaldigital.com.br\/index.php?rest_route=\/wp\/v2\/types\/post"}],"author":[{"embeddable":true,"href":"https:\/\/diarioregionaldigital.com.br\/index.php?rest_route=\/wp\/v2\/users\/246"}],"replies":[{"embeddable":true,"href":"https:\/\/diarioregionaldigital.com.br\/index.php?rest_route=%2Fwp%2Fv2%2Fcomments&post=190647"}],"version-history":[{"count":1,"href":"https:\/\/diarioregionaldigital.com.br\/index.php?rest_route=\/wp\/v2\/posts\/190647\/revisions"}],"predecessor-version":[{"id":190649,"href":"https:\/\/diarioregionaldigital.com.br\/index.php?rest_route=\/wp\/v2\/posts\/190647\/revisions\/190649"}],"wp:featuredmedia":[{"embeddable":true,"href":"https:\/\/diarioregionaldigital.com.br\/index.php?rest_route=\/wp\/v2\/media\/190648"}],"wp:attachment":[{"href":"https:\/\/diarioregionaldigital.com.br\/index.php?rest_route=%2Fwp%2Fv2%2Fmedia&parent=190647"}],"wp:term":[{"taxonomy":"category","embeddable":true,"href":"https:\/\/diarioregionaldigital.com.br\/index.php?rest_route=%2Fwp%2Fv2%2Fcategories&post=190647"},{"taxonomy":"post_tag","embeddable":true,"href":"https:\/\/diarioregionaldigital.com.br\/index.php?rest_route=%2Fwp%2Fv2%2Ftags&post=190647"}],"curies":[{"name":"wp","href":"https:\/\/api.w.org\/{rel}","templated":true}]}}