{"id":190644,"date":"2021-11-05T19:51:06","date_gmt":"2021-11-05T22:51:06","guid":{"rendered":"https:\/\/diarioregionaldigital.com.br\/?p=190644"},"modified":"2021-11-05T19:51:06","modified_gmt":"2021-11-05T22:51:06","slug":"ministro-defende-remuneracao-de-paises-por-servicos-ambientais","status":"publish","type":"post","link":"https:\/\/diarioregionaldigital.com.br\/?p=190644","title":{"rendered":"Ministro defende remunera\u00e7\u00e3o de pa\u00edses por servi\u00e7os ambientais"},"content":{"rendered":"<p>O ministro da Economia, Paulo Guedes, voltou a defender hoje (5) a remunera\u00e7\u00e3o de pa\u00edses por servi\u00e7os de preserva\u00e7\u00e3o do meio ambiente, como um dos mecanismos de conten\u00e7\u00e3o do aquecimento global. Segundo o ministro, pa\u00edses emergentes como o Brasil, a \u00cdndia e a Indon\u00e9sia devem ser remunerados por esses servi\u00e7os.<img decoding=\"async\" src=\"https:\/\/agenciabrasil.ebc.com.br\/ebc.png?id=1426727&amp;o=node\" \/><img decoding=\"async\" src=\"https:\/\/agenciabrasil.ebc.com.br\/ebc.gif?id=1426727&amp;o=node\" \/><\/p>\n<p>Guedes participou, nesta sexta-feira, por videoconfer\u00eancia, de um evento do Pavilh\u00e3o Brasil na C\u00fapula do Clima das Na\u00e7\u00f5es Unidas (COP-26)\u00a0sobre crescimento verde. De acordo com o ministro, existem duas abordagens no debate em torno da emiss\u00e3o de gases do efeito estufa.<\/p>\n<p>A primeira, segundo Guedes, \u00e9 defendida principalmente pelos pa\u00edses mais avan\u00e7ados e diz respeito \u00e0 ado\u00e7\u00e3o de medidas para taxar anualmente as emiss\u00f5es de gases poluentes. Na outra ponta est\u00e1 o debate sobre a remunera\u00e7\u00e3o por servi\u00e7os ambientais.<\/p>\n<p>Segundo o ministro, uma poss\u00edvel solu\u00e7\u00e3o \u00e9 a precifica\u00e7\u00e3o do mercado de carbono que poderia remunerar pa\u00edses emergentes como o Brasil, a \u00cdndia e Indon\u00e9sia por servi\u00e7os ambientais.<\/p>\n<p>\u201cPor um lado \u00e9 uma voca\u00e7\u00e3o natural do Brasil, o verde. Ent\u00e3o, n\u00f3s j\u00e1 partimos na frente e precisamos estimular a cria\u00e7\u00e3o desse mercado de carbono que vai ser a chave para o pagamento dos servi\u00e7os ambientais e da preserva\u00e7\u00e3o do estoque de recursos naturais. \u00c9 da\u00ed que vamos receber o estimulo necess\u00e1rio para a preserva\u00e7\u00e3o das nossas riquezas\u201d.<\/p>\n<p>Durante o evento, o ministro explicou que os tr\u00eas pa\u00edses v\u00e3o estar temporariamente na presid\u00eancia do G20, grupo que re\u00fane as 20 maiores economias do mundo, pelos pr\u00f3ximos tr\u00eas anos e que as tr\u00eas economias t\u00eam que levar esse debate para o grupo para \u201cmudar o eixo da conversa na nossa dire\u00e7\u00e3o\u201d e que j\u00e1 tratou do assunto com a \u00cdndia e Indon\u00e9sia.<\/p>\n<p>\u201cSe vamos dirigir o G20 nos pr\u00f3ximos anos \u00e9 bom que tenhamos uma agenda comum, para que na pr\u00f3pria reuni\u00e3o do grupo esse reconhecimento pela preserva\u00e7\u00e3o de recursos naturais que Brasil, \u00cdndia e Indon\u00e9sia t\u00eam. Ao contr\u00e1rio do fluxo anual que \u00e9 tributado, temos que arranjar um jeito de remunerar quem preservou esse estoque de riqueza\u201d, defendeu.<\/p>\n<p>Para o ministro, os recursos poderiam ser alocados em projetos de infraestrutura sustent\u00e1vel, bioeconomia \u201ce tudo que possa reduzir, por um lado os poluentes, mas, por outro lado, tudo que possa incentivar, estimular a preserva\u00e7\u00e3o dos recursos naturais.\u201d<\/p>\n<p>Guedes explicou que o pa\u00eds deve receber US$ 2,5 bilh\u00f5es de empr\u00e9stimo do Novo Banco de Desenvolvimento (NBD) para financiar projetos dessa nova economia verde. Criado em 2014, o NDB \u00e9 o banco dos Brics, grupo que re\u00fane as chamadas economias emergentes &#8211; Brasil, R\u00fassia, \u00cdndia, China e, mais tarde, \u00c1frica do Sul.<\/p>\n<p>Na avalia\u00e7\u00e3o do ministro, a velocidade de transi\u00e7\u00e3o para essa nova economia ser\u00e1 muito r\u00e1pida e vai afetar atividades econ\u00f4micas poluidoras, como a minera\u00e7\u00e3o e desmatamento florestal, devendo haver um incentivo para estimular esse processo.<\/p>\n<p>\u201cPor isso \u00e9 at\u00e9 interessante esse olhar do incentivo, em vez do olhar da puni\u00e7\u00e3o, porque esse abandono de formas antigas de fazer coisas \u00e9 doloroso para alguns setores. Vai haver sofrimento em quem explora mina de carv\u00e3o, de quem vive hoje de derrubar madeira. Vem um mundo novo, em uma velocidade alt\u00edssima, e temos que estimular o crescimento desse mundo novo\u201d, disse.<\/p>\n<p>O ministro do Meio Ambiente, Joaquim Leite, acompanhou o debate e tamb\u00e9m disse ser importante a ado\u00e7\u00e3o de mecanismos de financiamento diferenciados para a nova economia, como juros mais baixos para quem quiser investir em servi\u00e7os ambientais.<\/p>\n<p>\u201cO NDB traz recurso de US$ 2,5 bilh\u00f5es com juros mais baratos, eu n\u00e3o chamo de subs\u00eddio, eu chamo de juros verdes que \u00e9 um juro para incentivar uma infraestrutura verde, uma mobilidade urbana verde\u201d, explicou.<\/p>\n<p>Leite tamb\u00e9m defendeu que o Brasil seja remunerado por servi\u00e7os de prote\u00e7\u00e3o ambiental e defendeu o mercado de carbono.<\/p>\n<p>\u201c[Esse] benef\u00edcio ecossist\u00eamico que a floresta e vegeta\u00e7\u00e3o nativas t\u00eam no Brasil devem ser reconhecidos e remunerados e o mercado de carbono \u00e9 o come\u00e7o disso\u201d, disse Leite. \u201c[Isso] tem que ser uma linha de base para que outros pa\u00edses comecem a discutir sustentabilidade com o Brasil\u201d, acrescentou.<\/p>\n<p><span style=\"font-weight: 400;\"><br \/>\n<\/span><span style=\"font-weight: 400;\">Fonte: Ag\u00eancia Brasil <\/span><\/p>\n","protected":false},"excerpt":{"rendered":"<p>O ministro da Economia, Paulo Guedes, voltou a defender hoje (5) a remunera\u00e7\u00e3o de pa\u00edses por servi\u00e7os de preserva\u00e7\u00e3o do meio ambiente, como um dos mecanismos de conten\u00e7\u00e3o do aquecimento global. Segundo o ministro, pa\u00edses emergentes como o Brasil, a \u00cdndia e a Indon\u00e9sia devem ser remunerados por esses servi\u00e7os. Guedes participou, nesta sexta-feira, por [&hellip;]<\/p>\n","protected":false},"author":246,"featured_media":190645,"comment_status":"closed","ping_status":"closed","sticky":false,"template":"","format":"standard","meta":{"footnotes":""},"categories":[436,261],"tags":[],"class_list":["post-190644","post","type-post","status-publish","format-standard","has-post-thumbnail","hentry","category-destaque-da-semana","category-economia"],"_links":{"self":[{"href":"https:\/\/diarioregionaldigital.com.br\/index.php?rest_route=\/wp\/v2\/posts\/190644","targetHints":{"allow":["GET"]}}],"collection":[{"href":"https:\/\/diarioregionaldigital.com.br\/index.php?rest_route=\/wp\/v2\/posts"}],"about":[{"href":"https:\/\/diarioregionaldigital.com.br\/index.php?rest_route=\/wp\/v2\/types\/post"}],"author":[{"embeddable":true,"href":"https:\/\/diarioregionaldigital.com.br\/index.php?rest_route=\/wp\/v2\/users\/246"}],"replies":[{"embeddable":true,"href":"https:\/\/diarioregionaldigital.com.br\/index.php?rest_route=%2Fwp%2Fv2%2Fcomments&post=190644"}],"version-history":[{"count":1,"href":"https:\/\/diarioregionaldigital.com.br\/index.php?rest_route=\/wp\/v2\/posts\/190644\/revisions"}],"predecessor-version":[{"id":190646,"href":"https:\/\/diarioregionaldigital.com.br\/index.php?rest_route=\/wp\/v2\/posts\/190644\/revisions\/190646"}],"wp:featuredmedia":[{"embeddable":true,"href":"https:\/\/diarioregionaldigital.com.br\/index.php?rest_route=\/wp\/v2\/media\/190645"}],"wp:attachment":[{"href":"https:\/\/diarioregionaldigital.com.br\/index.php?rest_route=%2Fwp%2Fv2%2Fmedia&parent=190644"}],"wp:term":[{"taxonomy":"category","embeddable":true,"href":"https:\/\/diarioregionaldigital.com.br\/index.php?rest_route=%2Fwp%2Fv2%2Fcategories&post=190644"},{"taxonomy":"post_tag","embeddable":true,"href":"https:\/\/diarioregionaldigital.com.br\/index.php?rest_route=%2Fwp%2Fv2%2Ftags&post=190644"}],"curies":[{"name":"wp","href":"https:\/\/api.w.org\/{rel}","templated":true}]}}