{"id":190641,"date":"2021-11-05T19:48:42","date_gmt":"2021-11-05T22:48:42","guid":{"rendered":"https:\/\/diarioregionaldigital.com.br\/?p=190641"},"modified":"2021-11-05T19:48:42","modified_gmt":"2021-11-05T22:48:42","slug":"reducao-de-tarifas-injetara-r-246-bi-no-pib-ate-2040-diz-ministerio","status":"publish","type":"post","link":"https:\/\/diarioregionaldigital.com.br\/?p=190641","title":{"rendered":"Redu\u00e7\u00e3o de tarifas injetar\u00e1 R$ 246 bi no PIB at\u00e9 2040, diz minist\u00e9rio"},"content":{"rendered":"<p>A redu\u00e7\u00e3o em 10% da Tarifa Externa Comum (TEC) para a importa\u00e7\u00e3o de 87% dos produtos de fora do Mercosul injetar\u00e1 R$ 246 bilh\u00f5es na economia brasileira at\u00e9 2040, disse hoje (5) o secret\u00e1rio especial de Com\u00e9rcio Exterior e Assuntos Internacionais do Minist\u00e9rio da Economia, Roberto Fendt. Segundo ele, as exporta\u00e7\u00f5es aumentar\u00e3o R$ 280 bilh\u00f5es no mesmo per\u00edodo, com a inser\u00e7\u00e3o internacional da ind\u00fastria brasileira.<img decoding=\"async\" src=\"https:\/\/agenciabrasil.ebc.com.br\/ebc.png?id=1426745&amp;o=node\" \/><img decoding=\"async\" src=\"https:\/\/agenciabrasil.ebc.com.br\/ebc.gif?id=1426745&amp;o=node\" \/><\/p>\n<p>A medida aumentar\u00e1 as importa\u00e7\u00f5es em R$ 290 bilh\u00f5es e os investimentos em R$ 139 bilh\u00f5es no mesmo per\u00edodo. Em rela\u00e7\u00e3o \u00e0 infla\u00e7\u00e3o, a redu\u00e7\u00e3o da TEC reduzir\u00e1 em 0,3% o n\u00edvel de pre\u00e7os de longo prazo (entre 10 e 15 anos), informou Fendt, mas pode ter um impacto maior no curto prazo.<\/p>\n<p>De acordo com o secret\u00e1rio especial, a necessidade de conter a infla\u00e7\u00e3o justificou a urg\u00eancia da medida, que valer\u00e1 at\u00e9 31 de dezembro de 2022. \u201cA raz\u00e3o de termos tomado essa medida agora, antes de que tenhamos um consenso entre os quatro membros do Mercosul \u00e9 a necessidade e urg\u00eancia de atuar sobre a infla\u00e7\u00e3o\u201d, disse o secret\u00e1rio.<\/p>\n<p>O secret\u00e1rio especial disse que as taxas de juros s\u00e3o o principal instrumento do governo para controlar a infla\u00e7\u00e3o. No entanto, acrescentou que a redu\u00e7\u00e3o das tarifas tamb\u00e9m pode contribuir para segurar os pre\u00e7os, principalmente em um momento de alta acentuada do d\u00f3lar e de restri\u00e7\u00f5es a fluxos comerciais, que encarecem os fretes internacionais.<\/p>\n<p>Fendt esclareceu que a decis\u00e3o n\u00e3o \u00e9 ilegal porque est\u00e1 amparada em artigo do Tratado de Montevid\u00e9u do Mercosul, que permite medidas unilaterais (sem o aval dos outros pa\u00edses do bloco) em caso de prote\u00e7\u00e3o da vida e da sa\u00fade da popula\u00e7\u00e3o.<\/p>\n<p><strong>Negocia\u00e7\u00f5es<\/strong><\/p>\n<p>Apesar de a medida ser tempor\u00e1ria, o secret\u00e1rio especial informou que o governo pretende negociar com os pa\u00edses do Mercosul, ao longo dos pr\u00f3ximos meses, para que a redu\u00e7\u00e3o seja permanente. Segundo Fendt, a Argentina e o Paraguai aceitaram a redu\u00e7\u00e3o em 10% das tarifas dos itens produzidos fora do Mercosul, e o Uruguai tamb\u00e9m \u00e9 favor\u00e1vel ao corte da TEC, mas pede liberdade para que os pa\u00edses do bloco negociem acordos bilaterais fora do Mercosul.<\/p>\n<p>Inicialmente, informou o secret\u00e1rio, o Brasil defendia que todos os produtos de fora do Mercosul tivessem a tarifa de importa\u00e7\u00e3o reduzida em 10%. No entanto, ap\u00f3s negocia\u00e7\u00f5es com a Argentina, ve\u00edculos, alguns tipos de autope\u00e7as e produtos em regimes especiais, como vestu\u00e1rio, cal\u00e7ados, l\u00e1cteos e p\u00eassegos, tiveram as tarifas mantidas.<\/p>\n<p>Para o secret\u00e1rio especial, a redu\u00e7\u00e3o da TEC \u00e9 essencial para a moderniza\u00e7\u00e3o do Mercosul. A medida, comentou, ajudar\u00e1 a valorizar o bloco econ\u00f4mico. \u201cDesde que a TEC foi criada, em 1994, esse \u00e9 o primeiro movimento concreto, ambicioso, de redu\u00e7\u00e3o da nossa tarifa externa comum. N\u00e3o se trata aqui de um movimento hostil ao Mercosul, o Brasil valoriza o Mercosul, o Brasil na verdade quer um Mercosul forte, moderno, que de fato responda aos anseios da sociedade brasileira\u201d, concluiu.<\/p>\n<p><span style=\"font-weight: 400;\">Fonte: Ag\u00eancia Brasil <\/span><\/p>\n","protected":false},"excerpt":{"rendered":"<p>A redu\u00e7\u00e3o em 10% da Tarifa Externa Comum (TEC) para a importa\u00e7\u00e3o de 87% dos produtos de fora do Mercosul injetar\u00e1 R$ 246 bilh\u00f5es na economia brasileira at\u00e9 2040, disse hoje (5) o secret\u00e1rio especial de Com\u00e9rcio Exterior e Assuntos Internacionais do Minist\u00e9rio da Economia, Roberto Fendt. Segundo ele, as exporta\u00e7\u00f5es aumentar\u00e3o R$ 280 bilh\u00f5es [&hellip;]<\/p>\n","protected":false},"author":246,"featured_media":190642,"comment_status":"closed","ping_status":"closed","sticky":false,"template":"","format":"standard","meta":{"footnotes":""},"categories":[436,261],"tags":[],"class_list":["post-190641","post","type-post","status-publish","format-standard","has-post-thumbnail","hentry","category-destaque-da-semana","category-economia"],"_links":{"self":[{"href":"https:\/\/diarioregionaldigital.com.br\/index.php?rest_route=\/wp\/v2\/posts\/190641","targetHints":{"allow":["GET"]}}],"collection":[{"href":"https:\/\/diarioregionaldigital.com.br\/index.php?rest_route=\/wp\/v2\/posts"}],"about":[{"href":"https:\/\/diarioregionaldigital.com.br\/index.php?rest_route=\/wp\/v2\/types\/post"}],"author":[{"embeddable":true,"href":"https:\/\/diarioregionaldigital.com.br\/index.php?rest_route=\/wp\/v2\/users\/246"}],"replies":[{"embeddable":true,"href":"https:\/\/diarioregionaldigital.com.br\/index.php?rest_route=%2Fwp%2Fv2%2Fcomments&post=190641"}],"version-history":[{"count":1,"href":"https:\/\/diarioregionaldigital.com.br\/index.php?rest_route=\/wp\/v2\/posts\/190641\/revisions"}],"predecessor-version":[{"id":190643,"href":"https:\/\/diarioregionaldigital.com.br\/index.php?rest_route=\/wp\/v2\/posts\/190641\/revisions\/190643"}],"wp:featuredmedia":[{"embeddable":true,"href":"https:\/\/diarioregionaldigital.com.br\/index.php?rest_route=\/wp\/v2\/media\/190642"}],"wp:attachment":[{"href":"https:\/\/diarioregionaldigital.com.br\/index.php?rest_route=%2Fwp%2Fv2%2Fmedia&parent=190641"}],"wp:term":[{"taxonomy":"category","embeddable":true,"href":"https:\/\/diarioregionaldigital.com.br\/index.php?rest_route=%2Fwp%2Fv2%2Fcategories&post=190641"},{"taxonomy":"post_tag","embeddable":true,"href":"https:\/\/diarioregionaldigital.com.br\/index.php?rest_route=%2Fwp%2Fv2%2Ftags&post=190641"}],"curies":[{"name":"wp","href":"https:\/\/api.w.org\/{rel}","templated":true}]}}