{"id":190637,"date":"2021-11-05T19:46:05","date_gmt":"2021-11-05T22:46:05","guid":{"rendered":"https:\/\/diarioregionaldigital.com.br\/?p=190637"},"modified":"2021-11-05T19:46:05","modified_gmt":"2021-11-05T22:46:05","slug":"dolar-tem-maior-queda-diaria-em-dois-meses-e-fecha-a-r-552","status":"publish","type":"post","link":"https:\/\/diarioregionaldigital.com.br\/?p=190637","title":{"rendered":"D\u00f3lar tem maior queda di\u00e1ria em dois meses e fecha a R$ 5,52"},"content":{"rendered":"<p>Ajudado pelo clima no exterior, o d\u00f3lar teve a maior queda di\u00e1ria em dois meses e voltou a ficar pr\u00f3ximo de R$ 5,50. A bolsa de valores recuperou-se das perdas dos \u00faltimos dias e teve a primeira alta semanal, ap\u00f3s duas semanas seguidas de queda.<img decoding=\"async\" src=\"https:\/\/agenciabrasil.ebc.com.br\/ebc.png?id=1426751&amp;o=node\" \/><img decoding=\"async\" src=\"https:\/\/agenciabrasil.ebc.com.br\/ebc.gif?id=1426751&amp;o=node\" \/><\/p>\n<p>O d\u00f3lar comercial encerrou esta\u00a0sexta-feira (5) vendido a R$ 5,523, com recuo de R$ 0,083 (-1,49%). Na m\u00ednima do dia, por volta das 15h30, a cota\u00e7\u00e3o chegou a cair para R$ 5,50. Essa foi a maior queda para um dia desde\u00a09 de setembro, quando a moeda norte-americana tinha ca\u00eddo 1,8%.<\/p>\n<p>Com o desempenho de\u00a0hoje, a divisa encerrou a semana, que foi mais curta por causa do feriado de Dia de Finados, com queda de 2,12%. Em 2021, o d\u00f3lar acumula alta de 6,44%.<\/p>\n<p>No mercado de a\u00e7\u00f5es, o dia tamb\u00e9m foi marcado pela recupera\u00e7\u00e3o. O \u00edndice Ibovespa, da B3, fechou o dia aos 104.824 pontos, com alta de 1,37%. Apesar de\u00a0ontem\u00a0(4), o indicador\u00a0ter\u00a0atingido o menor n\u00edvel em quase um ano, a valoriza\u00e7\u00e3o de\u00a0hoje\u00a0foi suficiente para fazer o \u00edndice encerrar a semana com alta de 1,28%, interrompendo duas semanas consecutivas de perdas. Mesmo com a alta desta semana, o Ibovespa acumula perda de 11,93% desde o in\u00edcio do ano.<\/p>\n<p>Dois fatores aumentaram o otimismo no mercado internacional nesta\u00a0sexta-feira. O primeiro foi a forte cria\u00e7\u00e3o de empregos nos Estados Unidos em outubro. Segundo os investidores, o indicador veio acima das expectativas, mas n\u00e3o alto o suficiente para pressionar o Federal Reserve (Fed, Banco Central norte-americano) a antecipar a alta de juros da maior economia do planeta.<\/p>\n<p>O segundo fator que ajudou o mercado global foi a divulga\u00e7\u00e3o de que uma p\u00edlula desenvolvida pela Pfizer reduziu em 89% o risco de hospitaliza\u00e7\u00e3o ou de morte em pacientes adultos com comorbidade para a covid-19. No Brasil, o leil\u00e3o da frequ\u00eancia 5G e a divulga\u00e7\u00e3o de balan\u00e7os de empresas com crescimento no lucro impulsionaram a bolsa local.<\/p>\n<p><span style=\"font-weight: 400;\">Fonte: Ag\u00eancia Brasil e Reuters<\/span><\/p>\n","protected":false},"excerpt":{"rendered":"<p>Ajudado pelo clima no exterior, o d\u00f3lar teve a maior queda di\u00e1ria em dois meses e voltou a ficar pr\u00f3ximo de R$ 5,50. A bolsa de valores recuperou-se das perdas dos \u00faltimos dias e teve a primeira alta semanal, ap\u00f3s duas semanas seguidas de queda. O d\u00f3lar comercial encerrou esta\u00a0sexta-feira (5) vendido a R$ 5,523, [&hellip;]<\/p>\n","protected":false},"author":246,"featured_media":190638,"comment_status":"closed","ping_status":"closed","sticky":false,"template":"","format":"standard","meta":{"footnotes":""},"categories":[436,440,261],"tags":[],"class_list":["post-190637","post","type-post","status-publish","format-standard","has-post-thumbnail","hentry","category-destaque-da-semana","category-destaques-do-dia","category-economia"],"_links":{"self":[{"href":"https:\/\/diarioregionaldigital.com.br\/index.php?rest_route=\/wp\/v2\/posts\/190637","targetHints":{"allow":["GET"]}}],"collection":[{"href":"https:\/\/diarioregionaldigital.com.br\/index.php?rest_route=\/wp\/v2\/posts"}],"about":[{"href":"https:\/\/diarioregionaldigital.com.br\/index.php?rest_route=\/wp\/v2\/types\/post"}],"author":[{"embeddable":true,"href":"https:\/\/diarioregionaldigital.com.br\/index.php?rest_route=\/wp\/v2\/users\/246"}],"replies":[{"embeddable":true,"href":"https:\/\/diarioregionaldigital.com.br\/index.php?rest_route=%2Fwp%2Fv2%2Fcomments&post=190637"}],"version-history":[{"count":2,"href":"https:\/\/diarioregionaldigital.com.br\/index.php?rest_route=\/wp\/v2\/posts\/190637\/revisions"}],"predecessor-version":[{"id":190640,"href":"https:\/\/diarioregionaldigital.com.br\/index.php?rest_route=\/wp\/v2\/posts\/190637\/revisions\/190640"}],"wp:featuredmedia":[{"embeddable":true,"href":"https:\/\/diarioregionaldigital.com.br\/index.php?rest_route=\/wp\/v2\/media\/190638"}],"wp:attachment":[{"href":"https:\/\/diarioregionaldigital.com.br\/index.php?rest_route=%2Fwp%2Fv2%2Fmedia&parent=190637"}],"wp:term":[{"taxonomy":"category","embeddable":true,"href":"https:\/\/diarioregionaldigital.com.br\/index.php?rest_route=%2Fwp%2Fv2%2Fcategories&post=190637"},{"taxonomy":"post_tag","embeddable":true,"href":"https:\/\/diarioregionaldigital.com.br\/index.php?rest_route=%2Fwp%2Fv2%2Ftags&post=190637"}],"curies":[{"name":"wp","href":"https:\/\/api.w.org\/{rel}","templated":true}]}}