{"id":190634,"date":"2021-11-05T15:51:09","date_gmt":"2021-11-05T18:51:09","guid":{"rendered":"https:\/\/diarioregionaldigital.com.br\/?p=190634"},"modified":"2021-11-05T15:51:09","modified_gmt":"2021-11-05T18:51:09","slug":"policia-militar-atende-vitima-de-roubo-no-bairro-alto-dos-passos","status":"publish","type":"post","link":"https:\/\/diarioregionaldigital.com.br\/?p=190634","title":{"rendered":"Pol\u00edcia Militar atende v\u00edtima de roubo no bairro Alto dos Passos"},"content":{"rendered":"<p>No dia 04nov21 por volta das 23h12min, a Pol\u00edcia Militar foi acionada a comparecer na Rua Belmiro Braga no bairro Alto dos Passos para atendimento a um homem de 25 anos, v\u00edtima de roubo. Segundo relato, transitava pelo local quando foi abordado por um suspeito que armado com uma faca anunciou o roubo, subtraiu o aparelho celular e evadiu sentido escad\u00e3o que d\u00e1 acesso \u00e0 Av Rio Branco. V\u00edtima orientada quanto \u00e0s demais provid\u00eancias. PM segue rastreamento.<\/p>\n","protected":false},"excerpt":{"rendered":"<p>No dia 04nov21 por volta das 23h12min, a Pol\u00edcia Militar foi acionada a comparecer na Rua Belmiro Braga no bairro Alto dos Passos para atendimento a um homem de 25 anos, v\u00edtima de roubo. Segundo relato, transitava pelo local quando foi abordado por um suspeito que armado com uma faca anunciou o roubo, subtraiu o [&hellip;]<\/p>\n","protected":false},"author":246,"featured_media":190635,"comment_status":"closed","ping_status":"closed","sticky":false,"template":"","format":"standard","meta":{"footnotes":""},"categories":[301],"tags":[],"class_list":["post-190634","post","type-post","status-publish","format-standard","has-post-thumbnail","hentry","category-artigos-policiais"],"_links":{"self":[{"href":"https:\/\/diarioregionaldigital.com.br\/index.php?rest_route=\/wp\/v2\/posts\/190634","targetHints":{"allow":["GET"]}}],"collection":[{"href":"https:\/\/diarioregionaldigital.com.br\/index.php?rest_route=\/wp\/v2\/posts"}],"about":[{"href":"https:\/\/diarioregionaldigital.com.br\/index.php?rest_route=\/wp\/v2\/types\/post"}],"author":[{"embeddable":true,"href":"https:\/\/diarioregionaldigital.com.br\/index.php?rest_route=\/wp\/v2\/users\/246"}],"replies":[{"embeddable":true,"href":"https:\/\/diarioregionaldigital.com.br\/index.php?rest_route=%2Fwp%2Fv2%2Fcomments&post=190634"}],"version-history":[{"count":1,"href":"https:\/\/diarioregionaldigital.com.br\/index.php?rest_route=\/wp\/v2\/posts\/190634\/revisions"}],"predecessor-version":[{"id":190636,"href":"https:\/\/diarioregionaldigital.com.br\/index.php?rest_route=\/wp\/v2\/posts\/190634\/revisions\/190636"}],"wp:featuredmedia":[{"embeddable":true,"href":"https:\/\/diarioregionaldigital.com.br\/index.php?rest_route=\/wp\/v2\/media\/190635"}],"wp:attachment":[{"href":"https:\/\/diarioregionaldigital.com.br\/index.php?rest_route=%2Fwp%2Fv2%2Fmedia&parent=190634"}],"wp:term":[{"taxonomy":"category","embeddable":true,"href":"https:\/\/diarioregionaldigital.com.br\/index.php?rest_route=%2Fwp%2Fv2%2Fcategories&post=190634"},{"taxonomy":"post_tag","embeddable":true,"href":"https:\/\/diarioregionaldigital.com.br\/index.php?rest_route=%2Fwp%2Fv2%2Ftags&post=190634"}],"curies":[{"name":"wp","href":"https:\/\/api.w.org\/{rel}","templated":true}]}}