{"id":190608,"date":"2021-11-04T20:22:13","date_gmt":"2021-11-04T23:22:13","guid":{"rendered":"https:\/\/diarioregionaldigital.com.br\/?p=190608"},"modified":"2021-11-04T20:22:13","modified_gmt":"2021-11-04T23:22:13","slug":"programa-boniteza-realiza-118-acoes-de-melhorias-urbanas-em-todas-as-regioes","status":"publish","type":"post","link":"https:\/\/diarioregionaldigital.com.br\/?p=190608","title":{"rendered":"Programa Boniteza realiza 118 a\u00e7\u00f5es de melhorias urbanas em todas as regi\u00f5es"},"content":{"rendered":"<p>Segundo informa\u00e7\u00f5es do site da Prefeitura de Juiz de Fora,\u00a0 a Secretaria de Obras da Prefeitura de Juiz de Fora (PJF), por meio do Gabinete de A\u00e7\u00e3o e Di\u00e1logo Comunit\u00e1rio (GADC), realiza 118 interven\u00e7\u00f5es de zeladoria nesta quinta-feira, dia 4.<\/p>\n<p><b>Obras<\/b><\/p>\n<p>Os Departamentos de Opera\u00e7\u00e3o e Manuten\u00e7\u00e3o em Obras (Domo) e de Estradas Vicinais da Secretaria de Obras (SO) t\u00eam previstas 17 a\u00e7\u00f5es.<\/p>\n<p>Interven\u00e7\u00f5es em continuidade:<br \/>\n-Corre\u00e7\u00e3o de eros\u00e3o pluvial &#8211; C\u00f3rrego na Rua Ab\u00edlio Gomes &#8211; Francisco Bernardino<br \/>\n-Reparo de passeio &#8211; Rua Eunice Weaver (C\u00f3rrego) &#8211; Carlos Chagas<br \/>\n-Constru\u00e7\u00e3o de escada hidr\u00e1ulica &#8211; Rua Paulo Moreira Guedes &#8211; Monte Castelo<br \/>\n-Corre\u00e7\u00e3o de eros\u00e3o pluvial &#8211; Rua Vera L\u00facia Barroso de Paula &#8211; Distrito Industrial<br \/>\n-Corre\u00e7\u00e3o de eros\u00e3o (encabe\u00e7amento da ponte) &#8211; Estrada da Graminha &#8211; Graminha<br \/>\n-Transporte de material em pontos cr\u00edticos &#8211; Estrada da Lagoa &#8211; Estrada da Lagoa<br \/>\n-Lan\u00e7amento de material em pontos cr\u00edticos &#8211; Estrada da Picada &#8211; Angolinha<br \/>\n-Lan\u00e7amento de material em pontos cr\u00edticos &#8211; Estrada de Sarandira \u00e0 Caet\u00e9 &#8211; Sarandira<\/p>\n<p>Novas interven\u00e7\u00f5es:<br \/>\n-Assentamento de tamp\u00e3o de concreto &#8211; Rua Jos\u00e9 Zappa &#8211; Bom Clima<br \/>\n-Assentamento de tampa e concretagem de caixa &#8211; Rua Jovino Ribeiro &#8211; Bairu<br \/>\n-Reparo e limpeza de boca de lobo &#8211; Avenida Rui Barbosa &#8211; Santa Terezinha<br \/>\n-Assentamento de tamp\u00e3o &#8211; Avenida Ibitiguaia &#8211; Santa Luzia<br \/>\n-Corre\u00e7\u00e3o de eros\u00e3o &#8211; Rua Maria Lanziotti Barra &#8211; Santa Cruz<br \/>\n-Reforma de canaleta &#8211; Rua Halfeld &#8211; Centro<br \/>\n-Limpeza e lan\u00e7amento de material &#8211; Estrada Velha &#8211; N\u00e1utico<br \/>\n-Patrolamento e lan\u00e7amento de material &#8211; Ruas de Igrejinha &#8211; Igrejinha<br \/>\n-Constru\u00e7\u00e3o de bueiro triplo &#8211; Estrada da Barrinha &#8211; Ros\u00e1rio de Minas<\/p>\n<p><b>Ilumina\u00e7\u00e3o P\u00fablica<\/b><\/p>\n<p>O departamento de Ilumina\u00e7\u00e3o P\u00fablica da PJF tem prevista a manuten\u00e7\u00e3o de 101 l\u00e2mpadas em todas as regi\u00f5es.<\/p>\n<p>-Vale do Ip\u00ea<br \/>\nRua Vereador Jos\u00e9 Gasparete<br \/>\nRua Doutor Jamil Altaf<\/p>\n<p>-Manoel Hon\u00f3rio<br \/>\nAvenida Bar\u00e3o do Rio Branco<\/p>\n<p>-Bonfim<br \/>\nRua Joaquim Marques Coimbra<\/p>\n<p>-Nossa Senhora Aparecida<br \/>\nRua das Miss\u00f5es<\/p>\n<p>-Bandeirantes<br \/>\nRua Paracatu<\/p>\n<p>-Granjas Beth\u00e2nia<br \/>\nRua Joaquim Borges Pereira<br \/>\nRua Salvador R. Canavio<br \/>\nRua Eurico Silva Pacheco<br \/>\nAvenida Juiz de Fora<br \/>\nRua Avelino Jacob da Silva<\/p>\n<p>-Vale dos Pe\u00f5es<br \/>\nAvenida Orlando Riani<\/p>\n<p>-Grama<br \/>\nRua Marinho Norberto de Souza<br \/>\nRua Diomar Monteiro<br \/>\nRua Rio de Janeiro<br \/>\nRua Maria Aparecida<\/p>\n<p>-Eldorado<br \/>\nRua Adelaide Maria da Concei\u00e7\u00e3o<\/p>\n<p>-Parque Independ\u00eancia<br \/>\nRua Ant\u00f4nio Almas<br \/>\nRua dos Imigrantes Italianos<br \/>\nRua Archimedes Segantini<br \/>\nRua Doutor Jos\u00e9 de Castro de Azevedo<br \/>\nRua Belozzi<br \/>\nRua \u00cdtalo Marioni<br \/>\nRua Jos\u00e9 Batista Mendes<\/p>\n<p>-Nossa Senhora das Gra\u00e7as<br \/>\nRua Jo\u00e3o Alexandre<br \/>\nRua Domingos Lopes<br \/>\nRua Nossa Senhora das Gra\u00e7as<\/p>\n<p>-Centen\u00e1rio<br \/>\nRua Jo\u00e3o Cardoso<\/p>\n<p>-Eldorado<br \/>\nRua Manoel de Castro Lessa<br \/>\nRua Doutor Jo\u00e3o Fernandes de Souza<br \/>\nRua Adelar Maria da Concei\u00e7\u00e3o<\/p>\n<p>-Filgueiras<br \/>\nRua Josina Barbosa Nogueira<br \/>\nRua Angelino Beligoli<br \/>\nRua Em\u00edlia Augusta da Costa<\/p>\n<p>-Santa Terezinha<br \/>\nRua Humberto de Campos<\/p>\n<p>-S\u00e3o Judas Tadeu<br \/>\nRua Jair Oliveira Pires<br \/>\nRua Pedro Cardoso<br \/>\nRua Jos\u00e9 Paulino Sobrinho<\/p>\n<p>-S\u00e3o Dami\u00e3o<br \/>\nRua Bartolomeu dos Santos<br \/>\nRua C\u00e9lio Braga de Ara\u00fajo<\/p>\n<p>-Verbo Divino<br \/>\nRua Martinho Pereira Valle<\/p>\n<p>-Realeza<br \/>\nRua Ivan Batista de Oliveira<br \/>\nRua Francisco Queiroz Caputo<\/p>\n<p>-Igrejinha<br \/>\nRua D<br \/>\nRua Sem Denomina\u00e7\u00e3o<\/p>\n<p>-Cachoeira<br \/>\nRua Jos\u00e9 Pereira Gonzaga<\/p>\n<p>-Barbosa Lage<br \/>\nRua Ant\u00f4nio da Silva<\/p>\n<p>-Monte Castelo<br \/>\nRua Jos\u00e9 Meirelles<br \/>\nRua Expedicion\u00e1rio Ant\u00f4nio Novaes<br \/>\nRua Laura Mascarenhas Guzella<\/p>\n<p>-Esplanada<br \/>\nRua Maria Luiza Toste<\/p>\n<p>-Carlos Chagas<br \/>\nRua Jos\u00e9 de Almeida Portes<\/p>\n<p>-Santa Isabel<br \/>\nRua Professor Mauricio de M. Moura<br \/>\nRua Jornalista Newton Dantas<\/p>\n<p>-Recanto do Sol<br \/>\nRua dos L\u00edrios<\/p>\n<p>-Cer\u00e2mica<br \/>\nRua Sueny Sacconi<\/p>\n<p>-Santa Cruz<br \/>\nRua Nilo Pe\u00e7anha<br \/>\nAvenida Doutor Sime\u00e3o de Faria<br \/>\nRua \u00c1lvaro Cruz<\/p>\n<p>-F\u00e1brica<br \/>\nRua Euclides da Cunha<\/p>\n<p>-Po\u00e7o Rico<br \/>\nRua Pinto de Moura<br \/>\nRua Os\u00f3rio de Almeida<\/p>\n<p>-Santa Luzia<br \/>\nRua Delmira Davila Pinto<br \/>\nAvenida Ibitiguaia<br \/>\nRua Porto das Flores<\/p>\n<p>-Novo Horizonte<br \/>\nRua Thiago Machado dos Santos<\/p>\n<p>-Sagrado Cora\u00e7\u00e3o de Jesus<br \/>\nRua Afonso Jos\u00e9 Teixeira<br \/>\nRua Padre Guilherme Goossens<\/p>\n<p>-Ipiranga<br \/>\nRua Geraldo Ferreira Gomes<br \/>\nAvenida Darci Vargas<\/p>\n<p>-Graminha<\/p>\n<p>-Arco \u00cdris<br \/>\nRua Amaro Correa de Oliveira<\/p>\n<p>-Cascatinha<br \/>\nEm frente ao posto de pol\u00edcia<\/p>\n<p><b>Gabinete de A\u00e7\u00e3o e Di\u00e1logo Comunit\u00e1rio<\/b><\/p>\n<p>As a\u00e7\u00f5es da Secretaria de Obras s\u00e3o realizadas atrav\u00e9s do Gabinete de A\u00e7\u00e3o e Di\u00e1logo Comunit\u00e1rio, que recebe demandas de melhorias urbanas pelo n\u00famero (32) 3690-7241, por liga\u00e7\u00e3o ou WhatsApp.<\/p>\n<p>No\u00a0<a href=\"https:\/\/www.pjf.mg.gov.br\/gabinetecomunitario\/\"><b>site do gabinete<\/b><\/a>, est\u00e3o dispon\u00edveis informa\u00e7\u00f5es atualizadas diariamente sobre os servi\u00e7os realizados pelas secretarias de Obras (SO); de Sustentabilidade em Meio Ambiente e Atividades Urbanas (Sesmaur); de Mobilidade Urbana (SMU); e pela Empresa Municipal de Pavimenta\u00e7\u00e3o e Urbaniza\u00e7\u00e3o (Empav); Departamento Municipal de Limpeza Urbana (Demlurb); e Companhia de Saneamento Municipal (Cesama).<\/p>\n","protected":false},"excerpt":{"rendered":"<p>Segundo informa\u00e7\u00f5es do site da Prefeitura de Juiz de Fora,\u00a0 a Secretaria de Obras da Prefeitura de Juiz de Fora (PJF), por meio do Gabinete de A\u00e7\u00e3o e Di\u00e1logo Comunit\u00e1rio (GADC), realiza 118 interven\u00e7\u00f5es de zeladoria nesta quinta-feira, dia 4. Obras Os Departamentos de Opera\u00e7\u00e3o e Manuten\u00e7\u00e3o em Obras (Domo) e de Estradas Vicinais da [&hellip;]<\/p>\n","protected":false},"author":246,"featured_media":190609,"comment_status":"closed","ping_status":"closed","sticky":false,"template":"","format":"standard","meta":{"footnotes":""},"categories":[253,436],"tags":[],"class_list":["post-190608","post","type-post","status-publish","format-standard","has-post-thumbnail","hentry","category-cidade","category-destaque-da-semana"],"_links":{"self":[{"href":"https:\/\/diarioregionaldigital.com.br\/index.php?rest_route=\/wp\/v2\/posts\/190608","targetHints":{"allow":["GET"]}}],"collection":[{"href":"https:\/\/diarioregionaldigital.com.br\/index.php?rest_route=\/wp\/v2\/posts"}],"about":[{"href":"https:\/\/diarioregionaldigital.com.br\/index.php?rest_route=\/wp\/v2\/types\/post"}],"author":[{"embeddable":true,"href":"https:\/\/diarioregionaldigital.com.br\/index.php?rest_route=\/wp\/v2\/users\/246"}],"replies":[{"embeddable":true,"href":"https:\/\/diarioregionaldigital.com.br\/index.php?rest_route=%2Fwp%2Fv2%2Fcomments&post=190608"}],"version-history":[{"count":2,"href":"https:\/\/diarioregionaldigital.com.br\/index.php?rest_route=\/wp\/v2\/posts\/190608\/revisions"}],"predecessor-version":[{"id":190611,"href":"https:\/\/diarioregionaldigital.com.br\/index.php?rest_route=\/wp\/v2\/posts\/190608\/revisions\/190611"}],"wp:featuredmedia":[{"embeddable":true,"href":"https:\/\/diarioregionaldigital.com.br\/index.php?rest_route=\/wp\/v2\/media\/190609"}],"wp:attachment":[{"href":"https:\/\/diarioregionaldigital.com.br\/index.php?rest_route=%2Fwp%2Fv2%2Fmedia&parent=190608"}],"wp:term":[{"taxonomy":"category","embeddable":true,"href":"https:\/\/diarioregionaldigital.com.br\/index.php?rest_route=%2Fwp%2Fv2%2Fcategories&post=190608"},{"taxonomy":"post_tag","embeddable":true,"href":"https:\/\/diarioregionaldigital.com.br\/index.php?rest_route=%2Fwp%2Fv2%2Ftags&post=190608"}],"curies":[{"name":"wp","href":"https:\/\/api.w.org\/{rel}","templated":true}]}}