{"id":190604,"date":"2021-11-04T20:18:36","date_gmt":"2021-11-04T23:18:36","guid":{"rendered":"https:\/\/diarioregionaldigital.com.br\/?p=190604"},"modified":"2021-11-04T20:18:36","modified_gmt":"2021-11-04T23:18:36","slug":"parte-da-regiao-norte-tem-abastecimento-comprometido-com-interligacao-no-domingo","status":"publish","type":"post","link":"https:\/\/diarioregionaldigital.com.br\/?p=190604","title":{"rendered":"Parte da regi\u00e3o Norte tem abastecimento comprometido com interliga\u00e7\u00e3o no domingo"},"content":{"rendered":"<p>Segundo informa\u00e7\u00f5es do site da Prefeitura de Juiz de Fora, neste domingo, 7, a Companhia de Saneamento Municipal (Cesama) da Prefeitura de Juiz de Fora (PJF) ir\u00e1 realizar a interliga\u00e7\u00e3o do sistema do empreendimento Recanto da Mata II ao sistema de distribui\u00e7\u00e3o de \u00e1gua da companhia. A previs\u00e3o \u00e9 de que os trabalhos aconte\u00e7am das 8h \u00e0s 16h e, para isso, ser\u00e1 necess\u00e1rio interromper o abastecimento da regi\u00e3o. O fornecimento de \u00e1gua ficar\u00e1 comprometido nos bairros Milho Branco, Amazonas, Fontesville, Pedra Bonita, Belo Vale, Jardim Natal, Encosta do Sol e J\u00f3quei Clube.<\/p>\n<p>A Cesama pede a compreens\u00e3o dos moradores locais e orienta para que economizem \u00e1gua durante os servi\u00e7os. A previs\u00e3o \u00e9 de que o sistema seja regularizado ao longo da noite de domingo, podendo se estender at\u00e9 a segunda-feira, 8.<\/p>\n","protected":false},"excerpt":{"rendered":"<p>Segundo informa\u00e7\u00f5es do site da Prefeitura de Juiz de Fora, neste domingo, 7, a Companhia de Saneamento Municipal (Cesama) da Prefeitura de Juiz de Fora (PJF) ir\u00e1 realizar a interliga\u00e7\u00e3o do sistema do empreendimento Recanto da Mata II ao sistema de distribui\u00e7\u00e3o de \u00e1gua da companhia. A previs\u00e3o \u00e9 de que os trabalhos aconte\u00e7am das [&hellip;]<\/p>\n","protected":false},"author":246,"featured_media":190605,"comment_status":"closed","ping_status":"closed","sticky":false,"template":"","format":"standard","meta":{"footnotes":""},"categories":[253,436],"tags":[],"class_list":["post-190604","post","type-post","status-publish","format-standard","has-post-thumbnail","hentry","category-cidade","category-destaque-da-semana"],"_links":{"self":[{"href":"https:\/\/diarioregionaldigital.com.br\/index.php?rest_route=\/wp\/v2\/posts\/190604","targetHints":{"allow":["GET"]}}],"collection":[{"href":"https:\/\/diarioregionaldigital.com.br\/index.php?rest_route=\/wp\/v2\/posts"}],"about":[{"href":"https:\/\/diarioregionaldigital.com.br\/index.php?rest_route=\/wp\/v2\/types\/post"}],"author":[{"embeddable":true,"href":"https:\/\/diarioregionaldigital.com.br\/index.php?rest_route=\/wp\/v2\/users\/246"}],"replies":[{"embeddable":true,"href":"https:\/\/diarioregionaldigital.com.br\/index.php?rest_route=%2Fwp%2Fv2%2Fcomments&post=190604"}],"version-history":[{"count":2,"href":"https:\/\/diarioregionaldigital.com.br\/index.php?rest_route=\/wp\/v2\/posts\/190604\/revisions"}],"predecessor-version":[{"id":190607,"href":"https:\/\/diarioregionaldigital.com.br\/index.php?rest_route=\/wp\/v2\/posts\/190604\/revisions\/190607"}],"wp:featuredmedia":[{"embeddable":true,"href":"https:\/\/diarioregionaldigital.com.br\/index.php?rest_route=\/wp\/v2\/media\/190605"}],"wp:attachment":[{"href":"https:\/\/diarioregionaldigital.com.br\/index.php?rest_route=%2Fwp%2Fv2%2Fmedia&parent=190604"}],"wp:term":[{"taxonomy":"category","embeddable":true,"href":"https:\/\/diarioregionaldigital.com.br\/index.php?rest_route=%2Fwp%2Fv2%2Fcategories&post=190604"},{"taxonomy":"post_tag","embeddable":true,"href":"https:\/\/diarioregionaldigital.com.br\/index.php?rest_route=%2Fwp%2Fv2%2Ftags&post=190604"}],"curies":[{"name":"wp","href":"https:\/\/api.w.org\/{rel}","templated":true}]}}