{"id":190601,"date":"2021-11-04T20:15:57","date_gmt":"2021-11-04T23:15:57","guid":{"rendered":"https:\/\/diarioregionaldigital.com.br\/?p=190601"},"modified":"2021-11-04T20:15:57","modified_gmt":"2021-11-04T23:15:57","slug":"secretarias-da-pjf-avaliam-acessibilidade-nas-ruas-da-regiao-central","status":"publish","type":"post","link":"https:\/\/diarioregionaldigital.com.br\/?p=190601","title":{"rendered":"Secretarias da PJF avaliam acessibilidade nas ruas da regi\u00e3o central"},"content":{"rendered":"<p>Na manh\u00e3 desta quinta-feira, 4, representantes da Secretaria Especial de Direitos Humanos (SEDH) e da Secretaria de Mobilidade Urbana (SMU) avaliaram as condi\u00e7\u00f5es de acessibilidade de algumas vias na regi\u00e3o central da cidade. O trajeto teve in\u00edcio no Santa Cruz Shopping, passando pelas ruas S\u00e3o Sebasti\u00e3o, Batista de Oliveira e Get\u00falio Vargas, seguindo at\u00e9 o Cal\u00e7ad\u00e3o da Rua Halfeld. A iniciativa faz parte do projeto \u201cBoniteza Acessibilidade\u201d, coordenado pela Secretaria de Governo (SG) da Prefeitura de Juiz de Fora (PJF), que prev\u00ea a constru\u00e7\u00e3o de aproximadamente 270 rampas de acessibilidade nas cal\u00e7adas do Centro e diversos bairros do munic\u00edpio, nos pr\u00f3ximos seis meses.<\/p>\n<p>Segundo informa\u00e7\u00f5es do site da Prefeitura de Juiz de Fora, Rita de C\u00e1ssia Barbosa, que atua na Coordenadoria de Pol\u00edticas P\u00fablicas para a Pessoa com Defici\u00eancia da SEDH, explicou que o olhar da pessoa com defici\u00eancia \u00e9 essencial para a constru\u00e7\u00e3o de uma cidade acess\u00edvel. \u201cEstamos muito felizes por poder contribuir com este projeto. Hoje, avaliamos algumas das vias mais cr\u00edticas do Centro, se elas contam com rampas, se s\u00e3o seguras e possuem as medidas e caimento certos. Trata-se de um primeiro passo que come\u00e7a na regi\u00e3o central e ser\u00e1 levado, posteriormente, para as comunidades mais afastadas\u201d.<\/p>\n<p>O supervisor de inclus\u00e3o e sustentabilidade da SMU, Marcelo Jos\u00e9 Ribeiro, foi um dos idealizadores do novo projeto. \u201cA ideia surgiu h\u00e1 cerca de dois anos atr\u00e1s, quando implantamos as rampas nos pontos de \u00f4nibus. O \u201cBoniteza Acessibilidade\u201d vem para expandir esse trabalho e dar uma nova cara para a cidade, atuando em pontos estrat\u00e9gicos como a parte central de Juiz de Fora, suas escolas e Unidades B\u00e1sicas de Sa\u00fade (UBS). Nossa inten\u00e7\u00e3o \u00e9 realizar a\u00e7\u00f5es deste porte anualmente\u201d, previu.<\/p>\n<p>Para o subsecret\u00e1rio da SMU, Paulo Go\u00e9s, o trajeto percorrido pela equipe se mostrou complicado, com v\u00e1rios percal\u00e7os para pessoas com defici\u00eancia ou mobilidade reduzida, em virtude da irregularidade da altura e do material dos passeios. \u201cPretendemos enfrentar esse desafio atrav\u00e9s do projeto \u201cBoniteza Acessibilidade\u201d, que estamos construindo em conjunto com a SEDH para ouvir as sugest\u00f5es do p\u00fablico-alvo dessa iniciativa, como a cria\u00e7\u00e3o de rotas acess\u00edveis e o mapeamento dos trechos\u201d.<\/p>\n<p><b>&#8220;Boniteza Acessibilidade&#8221;<\/b><br \/>\nElaborado pela SMU, o projeto segue rigorosamente a Norma Brasileira 9050, da Associa\u00e7\u00e3o Brasileira de Normas T\u00e9cnicas (ABNT), atualizada em 3 de agosto de 2020. A iniciativa \u00e9 do Programa Boniteza e est\u00e1 na programa\u00e7\u00e3o dos servi\u00e7os do Gabinete de A\u00e7\u00e3o e Di\u00e1logo Comunit\u00e1rio, coordenado pela SG.<\/p>\n<p>O primeiro local contemplado foi o bairro Grama, onde est\u00e3o sendo instaladas rampas na pra\u00e7a e em um trecho da Avenida Juiz de Fora. As pr\u00f3ximas comunidades a receberem as rampas ser\u00e3o: Barbosa Lage (Rua Ant\u00f4nio da Silva); Santa Cruz (Rua Ant\u00f4nio Guimar\u00e3es Mour\u00e3o); Eldorado (Rua Pelino de Oliveira); Santa Terezinha (Avenida Rui Barbosa e ruas Santa e Santa Terezinha); F\u00e1brica (Ruas Coronel Vidal e Teresa Cristina); Mariano Proc\u00f3pio (Pra\u00e7a Agassis); Jardim Gl\u00f3ria (Rua Doutor Jo\u00e3o Pinheiro); e Po\u00e7o Rico (Rua Os\u00f3rio de Almeida). A programa\u00e7\u00e3o pode ser alterada ou adiada em caso de chuva.<\/p>\n<p><b>Outras informa\u00e7\u00f5es:<\/b><br \/>\n(32) 3690-7331 ou sedh@pjf.mg.gov.br &#8211; Secretaria Especial de Direitos Humanos (SEDH)<\/p>\n","protected":false},"excerpt":{"rendered":"<p>Na manh\u00e3 desta quinta-feira, 4, representantes da Secretaria Especial de Direitos Humanos (SEDH) e da Secretaria de Mobilidade Urbana (SMU) avaliaram as condi\u00e7\u00f5es de acessibilidade de algumas vias na regi\u00e3o central da cidade. O trajeto teve in\u00edcio no Santa Cruz Shopping, passando pelas ruas S\u00e3o Sebasti\u00e3o, Batista de Oliveira e Get\u00falio Vargas, seguindo at\u00e9 o [&hellip;]<\/p>\n","protected":false},"author":246,"featured_media":190602,"comment_status":"closed","ping_status":"closed","sticky":false,"template":"","format":"standard","meta":{"footnotes":""},"categories":[253,436],"tags":[],"class_list":["post-190601","post","type-post","status-publish","format-standard","has-post-thumbnail","hentry","category-cidade","category-destaque-da-semana"],"_links":{"self":[{"href":"https:\/\/diarioregionaldigital.com.br\/index.php?rest_route=\/wp\/v2\/posts\/190601","targetHints":{"allow":["GET"]}}],"collection":[{"href":"https:\/\/diarioregionaldigital.com.br\/index.php?rest_route=\/wp\/v2\/posts"}],"about":[{"href":"https:\/\/diarioregionaldigital.com.br\/index.php?rest_route=\/wp\/v2\/types\/post"}],"author":[{"embeddable":true,"href":"https:\/\/diarioregionaldigital.com.br\/index.php?rest_route=\/wp\/v2\/users\/246"}],"replies":[{"embeddable":true,"href":"https:\/\/diarioregionaldigital.com.br\/index.php?rest_route=%2Fwp%2Fv2%2Fcomments&post=190601"}],"version-history":[{"count":1,"href":"https:\/\/diarioregionaldigital.com.br\/index.php?rest_route=\/wp\/v2\/posts\/190601\/revisions"}],"predecessor-version":[{"id":190603,"href":"https:\/\/diarioregionaldigital.com.br\/index.php?rest_route=\/wp\/v2\/posts\/190601\/revisions\/190603"}],"wp:featuredmedia":[{"embeddable":true,"href":"https:\/\/diarioregionaldigital.com.br\/index.php?rest_route=\/wp\/v2\/media\/190602"}],"wp:attachment":[{"href":"https:\/\/diarioregionaldigital.com.br\/index.php?rest_route=%2Fwp%2Fv2%2Fmedia&parent=190601"}],"wp:term":[{"taxonomy":"category","embeddable":true,"href":"https:\/\/diarioregionaldigital.com.br\/index.php?rest_route=%2Fwp%2Fv2%2Fcategories&post=190601"},{"taxonomy":"post_tag","embeddable":true,"href":"https:\/\/diarioregionaldigital.com.br\/index.php?rest_route=%2Fwp%2Fv2%2Ftags&post=190601"}],"curies":[{"name":"wp","href":"https:\/\/api.w.org\/{rel}","templated":true}]}}