{"id":190598,"date":"2021-11-04T20:13:48","date_gmt":"2021-11-04T23:13:48","guid":{"rendered":"https:\/\/diarioregionaldigital.com.br\/?p=190598"},"modified":"2021-11-04T20:13:48","modified_gmt":"2021-11-04T23:13:48","slug":"prefeita-assina-projeto-de-lei-que-reconhece-periculosidade-a-guarda-municipal","status":"publish","type":"post","link":"https:\/\/diarioregionaldigital.com.br\/?p=190598","title":{"rendered":"Prefeita assina projeto de lei que reconhece periculosidade \u00e0 Guarda Municipal"},"content":{"rendered":"<p>Nesta quinta-feira, 4, a prefeita Margarida Salom\u00e3o visitou a Secretaria de Seguran\u00e7a Urbana e Cidadania (Sesuc), no Costa Carvalho, e a sede da Guarda Municipal, no S\u00e3o Bernardo. Diante da corpora\u00e7\u00e3o, a prefeita assinou mensagem de projeto de lei, que ser\u00e1 encaminhado \u00e0 C\u00e2mara Municipal, contemplando os servidores da GM com o direito \u00e0 periculosidade pela fun\u00e7\u00e3o exercida.<\/p>\n<p>Segundo informa\u00e7\u00f5es do site da Prefeitura de Juiz de Fora, pleito antigo dos servidores da Guarda Municipal, a concess\u00e3o da periculosidade reconhece o envolvimento do guarda municipal em atividades que impliquem risco acentuado \u00e0 vida destes profissionais, em virtude de exposi\u00e7\u00e3o permanente gerada pela atividade exercida. O ato da Administra\u00e7\u00e3o Municipal foi recebido pelos profissionais da Guarda como um passo rumo \u00e0 isonomia funcional e \u00e0 justi\u00e7a administrativa.<\/p>\n<p>Corrigir a aus\u00eancia de equipara\u00e7\u00e3o \u00e9 a t\u00f4nica da medida. \u201cEstamos dando \u00e0 Guarda direito igual aos demais servidores da Prefeitura de Juiz de Fora. Esse \u00e9 um corpo profissional que deve ser reconhecido, uma vez que faz um trabalho de risco, com compet\u00eancia e dignidade\u201d, pontuou a prefeita Margarida Salom\u00e3o, referenciando a atua\u00e7\u00e3o da Guarda durante os per\u00edodos mais restritivos da pandemia, quando situa\u00e7\u00f5es limites se impuseram. \u201cEstou honrada por fazer a subscri\u00e7\u00e3o desse projeto de lei. Essa \u00e9 a express\u00e3o de reconhecimento que fa\u00e7o neste momento a trabalhadores que devem receber pelo o que fazem\u201d.<\/p>\n<p>O comandante da Guarda Municipal, Leandro Lisboa Barros, se dirigiu \u00e0 prefeita, agradecendo em nome de toda a Guarda. \u201cEssa \u00e9 uma conquista h\u00e1 muito tempo aguardada. \u00c9 um avan\u00e7o, que ao longo de 12 anos ficou \u00e0 espera. Assim, a senhora est\u00e1 curando uma frustra\u00e7\u00e3o de muitos anos, em apenas 11 meses de gest\u00e3o\u201d, afirmou citando o tratamento ison\u00f4mico e respeitoso dado aos servidores da Guarda pela condu\u00e7\u00e3o humanizada da administra\u00e7\u00e3o municipal.<\/p>\n<p>A secret\u00e1ria de Seguran\u00e7a Urbana e Cidadania, Let\u00edcia Paiva Delgado, destacou a import\u00e2ncia de levar \u00e0 concretiza\u00e7\u00e3o o reconhecimento da categoria. \u201cHoje, \u00e9 com enorme satisfa\u00e7\u00e3o que encaminhamos essa mensagem \u00e0 C\u00e2mara, fazendo jus ao compromisso assumido, durante a campanha, de valoriza\u00e7\u00e3o de uma institui\u00e7\u00e3o, que trabalha por todos e todas. Esse \u00e9 um dia que tem que ser guardado na mem\u00f3ria. Ganha a Guarda Municipal, ganham os guardas, ganha a cidade\u201d, enfatizou.<\/p>\n<p>O secret\u00e1rio de Recursos Humanos da Prefeitura de Juiz de Fora, Rog\u00e9rio de Freitas, ressaltou o processo de di\u00e1logo estabelecido entre a administra\u00e7\u00e3o, servidores e seus representantes de classe para a formata\u00e7\u00e3o da proposta.<\/p>\n","protected":false},"excerpt":{"rendered":"<p>Nesta quinta-feira, 4, a prefeita Margarida Salom\u00e3o visitou a Secretaria de Seguran\u00e7a Urbana e Cidadania (Sesuc), no Costa Carvalho, e a sede da Guarda Municipal, no S\u00e3o Bernardo. Diante da corpora\u00e7\u00e3o, a prefeita assinou mensagem de projeto de lei, que ser\u00e1 encaminhado \u00e0 C\u00e2mara Municipal, contemplando os servidores da GM com o direito \u00e0 periculosidade [&hellip;]<\/p>\n","protected":false},"author":246,"featured_media":190599,"comment_status":"closed","ping_status":"closed","sticky":false,"template":"","format":"standard","meta":{"footnotes":""},"categories":[253,436,440],"tags":[],"class_list":["post-190598","post","type-post","status-publish","format-standard","has-post-thumbnail","hentry","category-cidade","category-destaque-da-semana","category-destaques-do-dia"],"_links":{"self":[{"href":"https:\/\/diarioregionaldigital.com.br\/index.php?rest_route=\/wp\/v2\/posts\/190598","targetHints":{"allow":["GET"]}}],"collection":[{"href":"https:\/\/diarioregionaldigital.com.br\/index.php?rest_route=\/wp\/v2\/posts"}],"about":[{"href":"https:\/\/diarioregionaldigital.com.br\/index.php?rest_route=\/wp\/v2\/types\/post"}],"author":[{"embeddable":true,"href":"https:\/\/diarioregionaldigital.com.br\/index.php?rest_route=\/wp\/v2\/users\/246"}],"replies":[{"embeddable":true,"href":"https:\/\/diarioregionaldigital.com.br\/index.php?rest_route=%2Fwp%2Fv2%2Fcomments&post=190598"}],"version-history":[{"count":1,"href":"https:\/\/diarioregionaldigital.com.br\/index.php?rest_route=\/wp\/v2\/posts\/190598\/revisions"}],"predecessor-version":[{"id":190600,"href":"https:\/\/diarioregionaldigital.com.br\/index.php?rest_route=\/wp\/v2\/posts\/190598\/revisions\/190600"}],"wp:featuredmedia":[{"embeddable":true,"href":"https:\/\/diarioregionaldigital.com.br\/index.php?rest_route=\/wp\/v2\/media\/190599"}],"wp:attachment":[{"href":"https:\/\/diarioregionaldigital.com.br\/index.php?rest_route=%2Fwp%2Fv2%2Fmedia&parent=190598"}],"wp:term":[{"taxonomy":"category","embeddable":true,"href":"https:\/\/diarioregionaldigital.com.br\/index.php?rest_route=%2Fwp%2Fv2%2Fcategories&post=190598"},{"taxonomy":"post_tag","embeddable":true,"href":"https:\/\/diarioregionaldigital.com.br\/index.php?rest_route=%2Fwp%2Fv2%2Ftags&post=190598"}],"curies":[{"name":"wp","href":"https:\/\/api.w.org\/{rel}","templated":true}]}}