{"id":190592,"date":"2021-11-04T19:53:37","date_gmt":"2021-11-04T22:53:37","guid":{"rendered":"https:\/\/diarioregionaldigital.com.br\/?p=190592"},"modified":"2021-11-04T19:53:37","modified_gmt":"2021-11-04T22:53:37","slug":"arena-da-baixada-sera-palco-da-decisao-do-titulo-da-copa-do-brasil","status":"publish","type":"post","link":"https:\/\/diarioregionaldigital.com.br\/?p=190592","title":{"rendered":"Arena da Baixada ser\u00e1 palco da decis\u00e3o do t\u00edtulo da Copa do Brasil"},"content":{"rendered":"<p>O Athletico-PR vai decidir na Arena da Baixada, em Curitiba, o t\u00edtulo da Copa do Brasil contra o Atl\u00e9tico-MG, no dia 15 de dezembro. \u00a0A defini\u00e7\u00e3o dos mandos de campo ocorreu nesta quinta-feira (4), ap\u00f3s sorteio na sede da CBF, \u00a0no Rio de Janeiro. O primeiro jogo da final ocorrer\u00e1 tr\u00eas dias antes, um domingo, no Mineir\u00e3o, em Belo Horizonte.<img decoding=\"async\" src=\"https:\/\/agenciabrasil.ebc.com.br\/ebc.png?id=1426599&amp;o=node\" \/><img decoding=\"async\" src=\"https:\/\/agenciabrasil.ebc.com.br\/ebc.gif?id=1426599&amp;o=node\" \/><\/p>\n<p>O sorteio contou com a participa\u00e7\u00e3o dos t\u00e9cnicos finalistas Alberto Valentim (Furac\u00e3o) e Cuca (Galo). Ambos buscam conquistar o bicampeonato para seus respectivos clubes. O campe\u00e3o ter\u00e1 direito \u00e0 premia\u00e7\u00e3o de R$ 56 milh\u00f5es, concedida pela CBF, e o vice ser\u00e1 contemplado com R$ 23 milh\u00f5es.<\/p>\n<p>H\u00e1 dois anos o Athletico-PR levantou a ta\u00e7a da Copa do Brasil pela primeira vez. \u00a0Nesta edi\u00e7\u00e3o, o time est\u00e1 invicto: s\u00e3o cinco vit\u00f3rias e tr\u00eas empates.<\/p>\n<p>\u201cN\u00e3o h\u00e1 regra para ser campe\u00e3o. Mas sinceramente gostar\u00edamos de definir em casa. Decidir em casa, acredito que possa ser sim [valioso]. Vai depender muito do primeiro jogo, s\u00e3o duas finais, 180 minutos de entrega total\u201d, destacou Valentim em depoimento \u00e0 CBF, ap\u00f3s o sorteio.<\/p>\n<p>Do outro lado do campo estar\u00e1 o Galo, cujo primeiro e \u00faltimo t\u00edtulo foi conquistado h\u00e1 sete anos. \u00a0A equipe mineira, que far\u00e1 a primeira partida da final em casa, ganhou sete jogos na competi\u00e7\u00e3o e foi superado apenas uma vez, pelo Bahia (2 a 1), nas oitavas.<\/p>\n<p>\u201cN\u00f3s j\u00e1 jogamos com o Fortaleza definindo fora e contra o Fluminense definindo em casa. Mas se eu pudesse escolher, sem d\u00favida nenhuma, queria definir em casa. Que sejam duas grandes finais. As duas equipes est\u00e3o de parab\u00e9ns por terem chegado \u00e0 final, e que ven\u00e7a a melhor\u201d, afirmou Cuca.<\/p>\n<p><span style=\"font-weight: 400;\">Fonte: Ag\u00eancia Brasil <\/span><\/p>\n","protected":false},"excerpt":{"rendered":"<p>O Athletico-PR vai decidir na Arena da Baixada, em Curitiba, o t\u00edtulo da Copa do Brasil contra o Atl\u00e9tico-MG, no dia 15 de dezembro. \u00a0A defini\u00e7\u00e3o dos mandos de campo ocorreu nesta quinta-feira (4), ap\u00f3s sorteio na sede da CBF, \u00a0no Rio de Janeiro. O primeiro jogo da final ocorrer\u00e1 tr\u00eas dias antes, um domingo, [&hellip;]<\/p>\n","protected":false},"author":246,"featured_media":190593,"comment_status":"closed","ping_status":"closed","sticky":false,"template":"","format":"standard","meta":{"footnotes":""},"categories":[436,257],"tags":[],"class_list":["post-190592","post","type-post","status-publish","format-standard","has-post-thumbnail","hentry","category-destaque-da-semana","category-esporte"],"_links":{"self":[{"href":"https:\/\/diarioregionaldigital.com.br\/index.php?rest_route=\/wp\/v2\/posts\/190592","targetHints":{"allow":["GET"]}}],"collection":[{"href":"https:\/\/diarioregionaldigital.com.br\/index.php?rest_route=\/wp\/v2\/posts"}],"about":[{"href":"https:\/\/diarioregionaldigital.com.br\/index.php?rest_route=\/wp\/v2\/types\/post"}],"author":[{"embeddable":true,"href":"https:\/\/diarioregionaldigital.com.br\/index.php?rest_route=\/wp\/v2\/users\/246"}],"replies":[{"embeddable":true,"href":"https:\/\/diarioregionaldigital.com.br\/index.php?rest_route=%2Fwp%2Fv2%2Fcomments&post=190592"}],"version-history":[{"count":1,"href":"https:\/\/diarioregionaldigital.com.br\/index.php?rest_route=\/wp\/v2\/posts\/190592\/revisions"}],"predecessor-version":[{"id":190594,"href":"https:\/\/diarioregionaldigital.com.br\/index.php?rest_route=\/wp\/v2\/posts\/190592\/revisions\/190594"}],"wp:featuredmedia":[{"embeddable":true,"href":"https:\/\/diarioregionaldigital.com.br\/index.php?rest_route=\/wp\/v2\/media\/190593"}],"wp:attachment":[{"href":"https:\/\/diarioregionaldigital.com.br\/index.php?rest_route=%2Fwp%2Fv2%2Fmedia&parent=190592"}],"wp:term":[{"taxonomy":"category","embeddable":true,"href":"https:\/\/diarioregionaldigital.com.br\/index.php?rest_route=%2Fwp%2Fv2%2Fcategories&post=190592"},{"taxonomy":"post_tag","embeddable":true,"href":"https:\/\/diarioregionaldigital.com.br\/index.php?rest_route=%2Fwp%2Fv2%2Ftags&post=190592"}],"curies":[{"name":"wp","href":"https:\/\/api.w.org\/{rel}","templated":true}]}}