{"id":190588,"date":"2021-11-04T19:49:39","date_gmt":"2021-11-04T22:49:39","guid":{"rendered":"https:\/\/diarioregionaldigital.com.br\/?p=190588"},"modified":"2021-11-04T19:49:39","modified_gmt":"2021-11-04T22:49:39","slug":"volei-feminino-minas-e-praia-conhecem-rivais-da-1a-fase-do-mundial","status":"publish","type":"post","link":"https:\/\/diarioregionaldigital.com.br\/?p=190588","title":{"rendered":"V\u00f4lei feminino: Minas e Praia conhecem rivais da 1\u00aa fase do Mundial"},"content":{"rendered":"<p>A Federa\u00e7\u00e3o Internacional de V\u00f4lei (FIVB) anunciou nesta quinta-feira (4) os grupos do Campeonato Mundial Interclubes de v\u00f4lei feminino, que ser\u00e1 disputado entre os dias 15 e 19 deste m\u00eas em Ancara (Turquia). O Brasil ser\u00e1 representado por Dentil\/Praia Clube e Itamb\u00e9\/Minas T\u00eanis Clube, respectivamente campe\u00e3o e vice do \u00faltimo Campeonato Sul-Americano de clubes.<img decoding=\"async\" src=\"https:\/\/agenciabrasil.ebc.com.br\/ebc.png?id=1426613&amp;o=node\" \/><img decoding=\"async\" src=\"https:\/\/agenciabrasil.ebc.com.br\/ebc.gif?id=1426613&amp;o=node\" \/><\/p>\n<p>O Praia aparece no Grupo A, ao lado do anfitri\u00e3o Fenerbah\u00e7e (Turquia) e do Congeliano (It\u00e1lia), atual campe\u00e3o mundial e invicto h\u00e1 70 jogos. A estreia do clube de Uberl\u00e2ndia (MG) ser\u00e1 no dia 16, \u00e0s 12h30 (hor\u00e1rio de Bras\u00edlia), diante das turcas. No dia seguinte, \u00e0s 9h, o time italiano ser\u00e1 o rival das brasileiras.<\/p>\n<p>J\u00e1 o Minas divide o Grupo B com o campe\u00e3o asi\u00e1tico Altay (Cazaquist\u00e3o) e com o Vafikbank (Turquia), tricampe\u00e3o do mundo e que tem a ponteira Gabi, da sele\u00e7\u00e3o brasileira, como destaque. As minastenistas abrem a participa\u00e7\u00e3o contra as cazaques no dia 15, \u00e0s 9h. No dia 17, \u00e0s 12h30, enfrentam o clube turco.<\/p>\n<p>Os dois primeiros colocados de cada chave avan\u00e7am \u00e0s semifinais, marcadas para o dia 18. A decis\u00e3o ser\u00e1 no dia 19 \u00e0s 12h30.<\/p>\n<p>Tanto Minas como Praia buscam o primeiro t\u00edtulo mundial. A equipe minastenista chegou em duas finais (1992 e 2018), mas ficou com o vice. O clube de Uberl\u00e2ndia (MG) tem o quarto lugar de 2018 como melhor campanha. O Brasil ocupou tr\u00eas vezes o topo do p\u00f3dio, com Sadia (1991), Leite Mo\u00e7a\/Sorocaba (1994) e Osasco (2012, com o nome Sollys\/Osasco). Este \u00faltimo \u00e9 o \u00fanico do trio que ainda est\u00e1 em atividade no pa\u00eds.<\/p>\n<p><span style=\"font-weight: 400;\">Fonte: Ag\u00eancia Brasil <\/span><\/p>\n","protected":false},"excerpt":{"rendered":"<p>A Federa\u00e7\u00e3o Internacional de V\u00f4lei (FIVB) anunciou nesta quinta-feira (4) os grupos do Campeonato Mundial Interclubes de v\u00f4lei feminino, que ser\u00e1 disputado entre os dias 15 e 19 deste m\u00eas em Ancara (Turquia). O Brasil ser\u00e1 representado por Dentil\/Praia Clube e Itamb\u00e9\/Minas T\u00eanis Clube, respectivamente campe\u00e3o e vice do \u00faltimo Campeonato Sul-Americano de clubes. O [&hellip;]<\/p>\n","protected":false},"author":246,"featured_media":190589,"comment_status":"closed","ping_status":"closed","sticky":false,"template":"","format":"standard","meta":{"footnotes":""},"categories":[436,254],"tags":[],"class_list":["post-190588","post","type-post","status-publish","format-standard","has-post-thumbnail","hentry","category-destaque-da-semana","category-politica"],"_links":{"self":[{"href":"https:\/\/diarioregionaldigital.com.br\/index.php?rest_route=\/wp\/v2\/posts\/190588","targetHints":{"allow":["GET"]}}],"collection":[{"href":"https:\/\/diarioregionaldigital.com.br\/index.php?rest_route=\/wp\/v2\/posts"}],"about":[{"href":"https:\/\/diarioregionaldigital.com.br\/index.php?rest_route=\/wp\/v2\/types\/post"}],"author":[{"embeddable":true,"href":"https:\/\/diarioregionaldigital.com.br\/index.php?rest_route=\/wp\/v2\/users\/246"}],"replies":[{"embeddable":true,"href":"https:\/\/diarioregionaldigital.com.br\/index.php?rest_route=%2Fwp%2Fv2%2Fcomments&post=190588"}],"version-history":[{"count":2,"href":"https:\/\/diarioregionaldigital.com.br\/index.php?rest_route=\/wp\/v2\/posts\/190588\/revisions"}],"predecessor-version":[{"id":190591,"href":"https:\/\/diarioregionaldigital.com.br\/index.php?rest_route=\/wp\/v2\/posts\/190588\/revisions\/190591"}],"wp:featuredmedia":[{"embeddable":true,"href":"https:\/\/diarioregionaldigital.com.br\/index.php?rest_route=\/wp\/v2\/media\/190589"}],"wp:attachment":[{"href":"https:\/\/diarioregionaldigital.com.br\/index.php?rest_route=%2Fwp%2Fv2%2Fmedia&parent=190588"}],"wp:term":[{"taxonomy":"category","embeddable":true,"href":"https:\/\/diarioregionaldigital.com.br\/index.php?rest_route=%2Fwp%2Fv2%2Fcategories&post=190588"},{"taxonomy":"post_tag","embeddable":true,"href":"https:\/\/diarioregionaldigital.com.br\/index.php?rest_route=%2Fwp%2Fv2%2Ftags&post=190588"}],"curies":[{"name":"wp","href":"https:\/\/api.w.org\/{rel}","templated":true}]}}