{"id":190576,"date":"2021-11-04T19:36:16","date_gmt":"2021-11-04T22:36:16","guid":{"rendered":"https:\/\/diarioregionaldigital.com.br\/?p=190576"},"modified":"2021-11-04T19:36:16","modified_gmt":"2021-11-04T22:36:16","slug":"senado-aprova-adequacao-de-politica-nacional-sobre-o-clima","status":"publish","type":"post","link":"https:\/\/diarioregionaldigital.com.br\/?p=190576","title":{"rendered":"Senado aprova adequa\u00e7\u00e3o de pol\u00edtica nacional sobre o clima"},"content":{"rendered":"<p>O Senado aprovou hoje (3) a atualiza\u00e7\u00e3o da Pol\u00edtica Nacional sobre Mudan\u00e7a do Clima (PNMC), de 2009, ao contexto do Acordo de Paris. Al\u00e9m disso, o projeto de lei (PL) tamb\u00e9m visa uma \u201catualiza\u00e7\u00e3o aos novos desafios relativos \u00e0 mudan\u00e7a do clima\u201d. O projeto segue para a C\u00e2mara.<img decoding=\"async\" src=\"https:\/\/agenciabrasil.ebc.com.br\/ebc.png?id=1426467&amp;o=node\" \/><img decoding=\"async\" src=\"https:\/\/agenciabrasil.ebc.com.br\/ebc.gif?id=1426467&amp;o=node\" \/><\/p>\n<p>O Acordo de Paris \u00e9 um tratado mundial, firmado em 2015 e ratificado pelo Brasil, com o objetivo de reduzir as emiss\u00f5es de gases de efeito estufa para conter o aquecimento global, mantendo o aumento m\u00e9dio da temperatura global em 2\u00b0C.<\/p>\n<p>O projeto estabelece que o Brasil vai neutralizar 100% das suas emiss\u00f5es de gases de efeito estufa (GEE) at\u00e9 o ano de 2050, no \u00e2mbito da Estrat\u00e9gia Nacional de Longo Prazo. As chamadas Contribui\u00e7\u00f5es Nacionalmente Determinadas (NDCs, sigla em ingl\u00eas) ser\u00e3o definidas com base no mais recente Invent\u00e1rio Brasileiro de Emiss\u00f5es e Remo\u00e7\u00f5es Antr\u00f3picas de Gases de Efeito Estufa n\u00e3o Controlados pelo Protocolo de Montreal. NDCs s\u00e3o compromissos volunt\u00e1rios criados pelos pa\u00edses signat\u00e1rios do Acordo de Paris.<\/p>\n<p>O texto tamb\u00e9m prev\u00ea que as NDCs dever\u00e3o adotar metas progressivas e mais ambiciosas em rela\u00e7\u00e3o \u00e0s NDCs anteriores. As NDCs ser\u00e3o elaboradas a partir da coordena\u00e7\u00e3o do governo federal e de ampla participa\u00e7\u00e3o dos entes federados, da sociedade civil, dos setores econ\u00f4micos e da academia, alinhando-se com as metas de desenvolvimento sustent\u00e1vel assumidas pelo Brasil perante a Organiza\u00e7\u00e3o das Na\u00e7\u00f5es Unidas (ONU), com metas quantitativas e qualitativas.<\/p>\n<p>O relator do projeto, o senador Jaques Wagner (PT-BA), est\u00e1 na COP26 (Confer\u00eancia das Partes da Conven\u00e7\u00e3o-Quadro das Na\u00e7\u00f5es Unidas sobre Mudan\u00e7a do Clima), na Esc\u00f3cia, onde participa como membro do Parlamento Brasileiro.<\/p>\n<p><span style=\"font-weight: 400;\">Fonte: Ag\u00eancia Brasil e Ag\u00eancia Senado<\/span><\/p>\n","protected":false},"excerpt":{"rendered":"<p>O Senado aprovou hoje (3) a atualiza\u00e7\u00e3o da Pol\u00edtica Nacional sobre Mudan\u00e7a do Clima (PNMC), de 2009, ao contexto do Acordo de Paris. Al\u00e9m disso, o projeto de lei (PL) tamb\u00e9m visa uma \u201catualiza\u00e7\u00e3o aos novos desafios relativos \u00e0 mudan\u00e7a do clima\u201d. O projeto segue para a C\u00e2mara. O Acordo de Paris \u00e9 um tratado [&hellip;]<\/p>\n","protected":false},"author":246,"featured_media":190577,"comment_status":"closed","ping_status":"closed","sticky":false,"template":"","format":"standard","meta":{"footnotes":""},"categories":[436,254],"tags":[],"class_list":["post-190576","post","type-post","status-publish","format-standard","has-post-thumbnail","hentry","category-destaque-da-semana","category-politica"],"_links":{"self":[{"href":"https:\/\/diarioregionaldigital.com.br\/index.php?rest_route=\/wp\/v2\/posts\/190576","targetHints":{"allow":["GET"]}}],"collection":[{"href":"https:\/\/diarioregionaldigital.com.br\/index.php?rest_route=\/wp\/v2\/posts"}],"about":[{"href":"https:\/\/diarioregionaldigital.com.br\/index.php?rest_route=\/wp\/v2\/types\/post"}],"author":[{"embeddable":true,"href":"https:\/\/diarioregionaldigital.com.br\/index.php?rest_route=\/wp\/v2\/users\/246"}],"replies":[{"embeddable":true,"href":"https:\/\/diarioregionaldigital.com.br\/index.php?rest_route=%2Fwp%2Fv2%2Fcomments&post=190576"}],"version-history":[{"count":2,"href":"https:\/\/diarioregionaldigital.com.br\/index.php?rest_route=\/wp\/v2\/posts\/190576\/revisions"}],"predecessor-version":[{"id":190579,"href":"https:\/\/diarioregionaldigital.com.br\/index.php?rest_route=\/wp\/v2\/posts\/190576\/revisions\/190579"}],"wp:featuredmedia":[{"embeddable":true,"href":"https:\/\/diarioregionaldigital.com.br\/index.php?rest_route=\/wp\/v2\/media\/190577"}],"wp:attachment":[{"href":"https:\/\/diarioregionaldigital.com.br\/index.php?rest_route=%2Fwp%2Fv2%2Fmedia&parent=190576"}],"wp:term":[{"taxonomy":"category","embeddable":true,"href":"https:\/\/diarioregionaldigital.com.br\/index.php?rest_route=%2Fwp%2Fv2%2Fcategories&post=190576"},{"taxonomy":"post_tag","embeddable":true,"href":"https:\/\/diarioregionaldigital.com.br\/index.php?rest_route=%2Fwp%2Fv2%2Ftags&post=190576"}],"curies":[{"name":"wp","href":"https:\/\/api.w.org\/{rel}","templated":true}]}}