{"id":190573,"date":"2021-11-04T19:22:06","date_gmt":"2021-11-04T22:22:06","guid":{"rendered":"https:\/\/diarioregionaldigital.com.br\/?p=190573"},"modified":"2021-11-04T19:22:06","modified_gmt":"2021-11-04T22:22:06","slug":"senado-aprova-o-programa-de-estimulo-ao-credito","status":"publish","type":"post","link":"https:\/\/diarioregionaldigital.com.br\/?p=190573","title":{"rendered":"Senado aprova o Programa de Est\u00edmulo ao Cr\u00e9dito"},"content":{"rendered":"<p>O Senado aprovou hoje (4) a\u00a0<a href=\"https:\/\/www.camara.leg.br\/proposicoesWeb\/prop_mostrarintegra?codteor=2040144&amp;filename=MPV+1057\/2021\" target=\"_blank\" rel=\"noopener\">medida provis\u00f3ria (MP) que institui o Programa de Est\u00edmulo ao Cr\u00e9dito (PEC)<\/a>, criado para ampliar o cr\u00e9dito de institui\u00e7\u00f5es financeiras p\u00fablicas e privadas para microempreendedores e micro e pequenas empresas. O texto retorna para a C\u00e2mara dos Deputados para nova an\u00e1lise.<img decoding=\"async\" src=\"https:\/\/agenciabrasil.ebc.com.br\/ebc.png?id=1426608&amp;o=node\" \/><img decoding=\"async\" src=\"https:\/\/agenciabrasil.ebc.com.br\/ebc.gif?id=1426608&amp;o=node\" \/><\/p>\n<p>A proposta \u00e9 para estimular a economia, socorrendo os pequenos e microempres\u00e1rios que sofreram os impactos negativos da pandemia da covid-19 e do isolamento social necess\u00e1rio para fre\u00e1-la. O empr\u00e9stimo ser\u00e1 concedido a microempres\u00e1rios individuais e empresas com receita bruta anual de at\u00e9 R$ 4,8 milh\u00f5es, at\u00e9 31 de dezembro de 2021.<\/p>\n<p>O programa est\u00e1 aberto para as institui\u00e7\u00f5es financeiras privadas ou p\u00fablicas que queiram aderir. O est\u00edmulo ser\u00e1 o cr\u00e9dito presumido at\u00e9 31 de dezembro de 2026.<\/p>\n<p>A estimativa do relator da MP no Senado, Fernando Bezerra (MDB-PE), \u00e9 que ser\u00e1 poss\u00edvel incorporar ao capital das institui\u00e7\u00f5es financeiras algo como R$ 40 bilh\u00f5es com base nesse cr\u00e9dito presumido.<\/p>\n<p>\u201c[A novidade] \u00e9 que a lei est\u00e1 orientando para que esse cr\u00e9dito adicional que est\u00e1 sendo verificado com o aproveitamento desse cr\u00e9dito presumido ser\u00e1 todo orientado para o empreendedor individual, para a micro e para a pequena empresa\u201d, disse Bezerra.<\/p>\n<p>De acordo com a MP, as institui\u00e7\u00f5es banc\u00e1rias devem assumir os riscos da concess\u00e3o dos empr\u00e9stimos e as opera\u00e7\u00f5es n\u00e3o contar\u00e3o com qualquer garantia da Uni\u00e3o ou de entidade p\u00fablica, bem como n\u00e3o ter\u00e3o qualquer tipo de previs\u00e3o de aporte de recursos p\u00fablicos ou equaliza\u00e7\u00e3o de taxa de juros por parte da Uni\u00e3o.<\/p>\n<p>A MP foi publicada pelo governo no in\u00edcio de julho. No final do mesmo m\u00eas, o Conselho Monet\u00e1rio Nacional (CMN) regulamentou o programa, e determinou que os cr\u00e9ditos obtidos por meio do programa n\u00e3o poderiam ser usados para quitar outros d\u00e9bitos com o banco.<\/p>\n<p>Segundo o Banco Central, o programa pretende dar \u00e0s empresas de menor porte melhores condi\u00e7\u00f5es para enfrentarem a pandemia da covid-19 e prepararem-se para a retomada da economia.<\/p>\n<p><span style=\"font-weight: 400;\">Fonte: Ag\u00eancia Brasil <\/span><\/p>\n","protected":false},"excerpt":{"rendered":"<p>O Senado aprovou hoje (4) a\u00a0medida provis\u00f3ria (MP) que institui o Programa de Est\u00edmulo ao Cr\u00e9dito (PEC), criado para ampliar o cr\u00e9dito de institui\u00e7\u00f5es financeiras p\u00fablicas e privadas para microempreendedores e micro e pequenas empresas. O texto retorna para a C\u00e2mara dos Deputados para nova an\u00e1lise. A proposta \u00e9 para estimular a economia, socorrendo os [&hellip;]<\/p>\n","protected":false},"author":246,"featured_media":190574,"comment_status":"closed","ping_status":"closed","sticky":false,"template":"","format":"standard","meta":{"footnotes":""},"categories":[436,254],"tags":[],"class_list":["post-190573","post","type-post","status-publish","format-standard","has-post-thumbnail","hentry","category-destaque-da-semana","category-politica"],"_links":{"self":[{"href":"https:\/\/diarioregionaldigital.com.br\/index.php?rest_route=\/wp\/v2\/posts\/190573","targetHints":{"allow":["GET"]}}],"collection":[{"href":"https:\/\/diarioregionaldigital.com.br\/index.php?rest_route=\/wp\/v2\/posts"}],"about":[{"href":"https:\/\/diarioregionaldigital.com.br\/index.php?rest_route=\/wp\/v2\/types\/post"}],"author":[{"embeddable":true,"href":"https:\/\/diarioregionaldigital.com.br\/index.php?rest_route=\/wp\/v2\/users\/246"}],"replies":[{"embeddable":true,"href":"https:\/\/diarioregionaldigital.com.br\/index.php?rest_route=%2Fwp%2Fv2%2Fcomments&post=190573"}],"version-history":[{"count":1,"href":"https:\/\/diarioregionaldigital.com.br\/index.php?rest_route=\/wp\/v2\/posts\/190573\/revisions"}],"predecessor-version":[{"id":190575,"href":"https:\/\/diarioregionaldigital.com.br\/index.php?rest_route=\/wp\/v2\/posts\/190573\/revisions\/190575"}],"wp:featuredmedia":[{"embeddable":true,"href":"https:\/\/diarioregionaldigital.com.br\/index.php?rest_route=\/wp\/v2\/media\/190574"}],"wp:attachment":[{"href":"https:\/\/diarioregionaldigital.com.br\/index.php?rest_route=%2Fwp%2Fv2%2Fmedia&parent=190573"}],"wp:term":[{"taxonomy":"category","embeddable":true,"href":"https:\/\/diarioregionaldigital.com.br\/index.php?rest_route=%2Fwp%2Fv2%2Fcategories&post=190573"},{"taxonomy":"post_tag","embeddable":true,"href":"https:\/\/diarioregionaldigital.com.br\/index.php?rest_route=%2Fwp%2Fv2%2Ftags&post=190573"}],"curies":[{"name":"wp","href":"https:\/\/api.w.org\/{rel}","templated":true}]}}