{"id":190567,"date":"2021-11-04T19:01:17","date_gmt":"2021-11-04T22:01:17","guid":{"rendered":"https:\/\/diarioregionaldigital.com.br\/?p=190567"},"modified":"2021-11-04T19:01:17","modified_gmt":"2021-11-04T22:01:17","slug":"venda-de-veiculos-novos-cai-17-em-outubro-informa-fenabrave","status":"publish","type":"post","link":"https:\/\/diarioregionaldigital.com.br\/?p=190567","title":{"rendered":"Venda de ve\u00edculos novos cai 17% em outubro, informa Fenabrave"},"content":{"rendered":"<p>A venda de ve\u00edculos automotores novos caiu 17,07% em outubro em compara\u00e7\u00e3o ao mesmo m\u00eas do ano passado. No m\u00eas passado, foram licenciadas 276.033 unidades no m\u00eas, ante 332.852 vendidas em outubro de 2020. O resultado, divulgado hoje (4) pela Federa\u00e7\u00e3o Nacional da Distribui\u00e7\u00e3o de Ve\u00edculos Automotores (Fenabrave), leva em conta todos os segmentos automotivos, exceto tratores e m\u00e1quinas agr\u00edcolas.<\/p>\n<p>J\u00e1 no acumulado do ano, de janeiro a outubro de 2021, as vendas tiveram aumento de 16,15% sobre o mesmo per\u00edodo do ano passado. Foram 2.863.349 unidades licenciadas, contra 2.465.260 vendidas em igual per\u00edodo de 2020.<\/p>\n<p>Na compara\u00e7\u00e3o m\u00eas a m\u00eas, as vendas em outubro de 2021 tiveram leve queda, de 1,78%, em rela\u00e7\u00e3o \u00e0s de setembro.<\/p>\n<p>\u201cA demanda se mant\u00e9m alta por parte do consumidor, mas h\u00e1 segmentos em que a espera por um ve\u00edculo pode levar meses, em fun\u00e7\u00e3o dos baixos estoques das concession\u00e1rias, que n\u00e3o est\u00e3o conseguindo ter todos os pedidos atendidos pelas f\u00e1bricas, devido \u00e0 falta de insumos e componentes. Esperamos pela normaliza\u00e7\u00e3o da produ\u00e7\u00e3o, mas acreditamos que isso s\u00f3 ocorra em meados de 2022\u201d, disse o presidente da Fenabrave, Alarico Assump\u00e7\u00e3o J\u00fanior.<\/p>\n<p><span style=\"font-weight: 400;\"><br \/>\n<\/span><span style=\"font-weight: 400;\">Fonte: Ag\u00eancia Brasil <\/span><\/p>\n","protected":false},"excerpt":{"rendered":"<p>A venda de ve\u00edculos automotores novos caiu 17,07% em outubro em compara\u00e7\u00e3o ao mesmo m\u00eas do ano passado. No m\u00eas passado, foram licenciadas 276.033 unidades no m\u00eas, ante 332.852 vendidas em outubro de 2020. O resultado, divulgado hoje (4) pela Federa\u00e7\u00e3o Nacional da Distribui\u00e7\u00e3o de Ve\u00edculos Automotores (Fenabrave), leva em conta todos os segmentos automotivos, [&hellip;]<\/p>\n","protected":false},"author":246,"featured_media":190568,"comment_status":"closed","ping_status":"closed","sticky":false,"template":"","format":"standard","meta":{"footnotes":""},"categories":[436,261],"tags":[],"class_list":["post-190567","post","type-post","status-publish","format-standard","has-post-thumbnail","hentry","category-destaque-da-semana","category-economia"],"_links":{"self":[{"href":"https:\/\/diarioregionaldigital.com.br\/index.php?rest_route=\/wp\/v2\/posts\/190567","targetHints":{"allow":["GET"]}}],"collection":[{"href":"https:\/\/diarioregionaldigital.com.br\/index.php?rest_route=\/wp\/v2\/posts"}],"about":[{"href":"https:\/\/diarioregionaldigital.com.br\/index.php?rest_route=\/wp\/v2\/types\/post"}],"author":[{"embeddable":true,"href":"https:\/\/diarioregionaldigital.com.br\/index.php?rest_route=\/wp\/v2\/users\/246"}],"replies":[{"embeddable":true,"href":"https:\/\/diarioregionaldigital.com.br\/index.php?rest_route=%2Fwp%2Fv2%2Fcomments&post=190567"}],"version-history":[{"count":1,"href":"https:\/\/diarioregionaldigital.com.br\/index.php?rest_route=\/wp\/v2\/posts\/190567\/revisions"}],"predecessor-version":[{"id":190569,"href":"https:\/\/diarioregionaldigital.com.br\/index.php?rest_route=\/wp\/v2\/posts\/190567\/revisions\/190569"}],"wp:featuredmedia":[{"embeddable":true,"href":"https:\/\/diarioregionaldigital.com.br\/index.php?rest_route=\/wp\/v2\/media\/190568"}],"wp:attachment":[{"href":"https:\/\/diarioregionaldigital.com.br\/index.php?rest_route=%2Fwp%2Fv2%2Fmedia&parent=190567"}],"wp:term":[{"taxonomy":"category","embeddable":true,"href":"https:\/\/diarioregionaldigital.com.br\/index.php?rest_route=%2Fwp%2Fv2%2Fcategories&post=190567"},{"taxonomy":"post_tag","embeddable":true,"href":"https:\/\/diarioregionaldigital.com.br\/index.php?rest_route=%2Fwp%2Fv2%2Ftags&post=190567"}],"curies":[{"name":"wp","href":"https:\/\/api.w.org\/{rel}","templated":true}]}}