{"id":190561,"date":"2021-11-04T18:47:53","date_gmt":"2021-11-04T21:47:53","guid":{"rendered":"https:\/\/diarioregionaldigital.com.br\/?p=190561"},"modified":"2021-11-04T18:47:53","modified_gmt":"2021-11-04T21:47:53","slug":"cnc-endividamento-das-familias-cresce-menos-em-outubro","status":"publish","type":"post","link":"https:\/\/diarioregionaldigital.com.br\/?p=190561","title":{"rendered":"CNC: endividamento das fam\u00edlias cresce menos em outubro"},"content":{"rendered":"<p>O n\u00famero de fam\u00edlias brasileiras com d\u00edvidas continuou crescendo em outubro e chegou a 74,6%, segundo a Pesquisa de Endividamento e Inadimpl\u00eancia do Consumidor (Peic), divulgada\u00a0hoje\u00a0(4) pela Confedera\u00e7\u00e3o Nacional do Com\u00e9rcio de Bens, Servi\u00e7os e Turismo (CNC).<img decoding=\"async\" src=\"https:\/\/agenciabrasil.ebc.com.br\/ebc.png?id=1426525&amp;o=node\" \/><img decoding=\"async\" src=\"https:\/\/agenciabrasil.ebc.com.br\/ebc.gif?id=1426525&amp;o=node\" \/><\/p>\n<p>O levantamento mostra que o ritmo de crescimento do endividamento diminuiu e que a alta\u00a0de outubro\u00a0foi de 0,6 ponto percentual em rela\u00e7\u00e3o a setembro. Mesmo assim, o aumento foi a 11\u00aa alta mensal consecutiva.<\/p>\n<p>A CNC avalia que a alta recente dos juros reduziu a contrata\u00e7\u00e3o de d\u00edvidas em outubro e fez o indicador\u00a0ter\u00a0um acr\u00e9scimo abaixo dos \u00faltimos meses, quando apresentava aumento, em m\u00e9dia, de 1,5 ponto.<\/p>\n<p>J\u00e1 frente a outubro de 2020, o percentual de fam\u00edlias endividadas \u00e9 8,1 pontos maior em 2021, fazendo desse o segundo maior crescimento anual da s\u00e9rie hist\u00f3rica.<\/p>\n<p>O percentual de fam\u00edlias com d\u00edvidas ou contas em atraso atingiu 25,6%, segundo a CNC, o que representa 0,1 ponto acima do registrado em setembro de 2021 e 0,5 ponto abaixo\u00a0de outubro\u00a0de 2020.<\/p>\n<p>J\u00e1 a parcela das fam\u00edlias que declarou n\u00e3o\u00a0ter\u00a0condi\u00e7\u00f5es de pagar contas ou d\u00edvidas caiu de 10,3% para 10,1% na passagem mensal e 1,8 ponto na compara\u00e7\u00e3o anual.<\/p>\n<p>Em texto divulgado pela confedera\u00e7\u00e3o, o presidente da CNC, Jos\u00e9 Roberto Tadros, considera que o relativo controle da taxa de inadimpl\u00eancia diante do cen\u00e1rio econ\u00f4mico &#8220;\u00e9 impressionante&#8221;.<\/p>\n<p>&#8220;A infla\u00e7\u00e3o corrente elevada e disseminada tem deteriorado os or\u00e7amentos\u00a0dom\u00e9sticos e diminu\u00eddo o poder de compra das fam\u00edlias, em especial as na faixa de menor renda. Os n\u00fameros demonstram os esfor\u00e7os em manter os compromissos financeiros em dia, com renegocia\u00e7\u00e3o e melhor controle dos gastos\u201d, avalia.<\/p>\n","protected":false},"excerpt":{"rendered":"<p>O n\u00famero de fam\u00edlias brasileiras com d\u00edvidas continuou crescendo em outubro e chegou a 74,6%, segundo a Pesquisa de Endividamento e Inadimpl\u00eancia do Consumidor (Peic), divulgada\u00a0hoje\u00a0(4) pela Confedera\u00e7\u00e3o Nacional do Com\u00e9rcio de Bens, Servi\u00e7os e Turismo (CNC). O levantamento mostra que o ritmo de crescimento do endividamento diminuiu e que a alta\u00a0de outubro\u00a0foi de 0,6 [&hellip;]<\/p>\n","protected":false},"author":246,"featured_media":190562,"comment_status":"closed","ping_status":"closed","sticky":false,"template":"","format":"standard","meta":{"footnotes":""},"categories":[436,261],"tags":[],"class_list":["post-190561","post","type-post","status-publish","format-standard","has-post-thumbnail","hentry","category-destaque-da-semana","category-economia"],"_links":{"self":[{"href":"https:\/\/diarioregionaldigital.com.br\/index.php?rest_route=\/wp\/v2\/posts\/190561","targetHints":{"allow":["GET"]}}],"collection":[{"href":"https:\/\/diarioregionaldigital.com.br\/index.php?rest_route=\/wp\/v2\/posts"}],"about":[{"href":"https:\/\/diarioregionaldigital.com.br\/index.php?rest_route=\/wp\/v2\/types\/post"}],"author":[{"embeddable":true,"href":"https:\/\/diarioregionaldigital.com.br\/index.php?rest_route=\/wp\/v2\/users\/246"}],"replies":[{"embeddable":true,"href":"https:\/\/diarioregionaldigital.com.br\/index.php?rest_route=%2Fwp%2Fv2%2Fcomments&post=190561"}],"version-history":[{"count":1,"href":"https:\/\/diarioregionaldigital.com.br\/index.php?rest_route=\/wp\/v2\/posts\/190561\/revisions"}],"predecessor-version":[{"id":190563,"href":"https:\/\/diarioregionaldigital.com.br\/index.php?rest_route=\/wp\/v2\/posts\/190561\/revisions\/190563"}],"wp:featuredmedia":[{"embeddable":true,"href":"https:\/\/diarioregionaldigital.com.br\/index.php?rest_route=\/wp\/v2\/media\/190562"}],"wp:attachment":[{"href":"https:\/\/diarioregionaldigital.com.br\/index.php?rest_route=%2Fwp%2Fv2%2Fmedia&parent=190561"}],"wp:term":[{"taxonomy":"category","embeddable":true,"href":"https:\/\/diarioregionaldigital.com.br\/index.php?rest_route=%2Fwp%2Fv2%2Fcategories&post=190561"},{"taxonomy":"post_tag","embeddable":true,"href":"https:\/\/diarioregionaldigital.com.br\/index.php?rest_route=%2Fwp%2Fv2%2Ftags&post=190561"}],"curies":[{"name":"wp","href":"https:\/\/api.w.org\/{rel}","templated":true}]}}