{"id":190558,"date":"2021-11-04T18:12:33","date_gmt":"2021-11-04T21:12:33","guid":{"rendered":"https:\/\/diarioregionaldigital.com.br\/?p=190558"},"modified":"2021-11-04T18:12:33","modified_gmt":"2021-11-04T21:12:33","slug":"industria-desacelera-em-setembro-diz-cni","status":"publish","type":"post","link":"https:\/\/diarioregionaldigital.com.br\/?p=190558","title":{"rendered":"Ind\u00fastria desacelera em setembro, diz CNI"},"content":{"rendered":"<p>Levantamento da Confedera\u00e7\u00e3o Nacional da Ind\u00fastria (CNI) indica uma piora no cen\u00e1rio do setor industrial em setembro, na compara\u00e7\u00e3o com agosto. De acordo com a pesquisa Indicadores Industriais, houve queda em itens como faturamento (1,5%) e utiliza\u00e7\u00e3o da capacidade instalada (0,2 ponto percentual) atingindo a marca de 81,6%. \u00c9 o terceiro recuo seguido do \u00edndice.<img decoding=\"async\" src=\"https:\/\/agenciabrasil.ebc.com.br\/ebc.png?id=1426485&amp;o=node\" \/><img decoding=\"async\" src=\"https:\/\/agenciabrasil.ebc.com.br\/ebc.gif?id=1426485&amp;o=node\" \/><\/p>\n<p>J\u00e1 o emprego da ind\u00fastria da transforma\u00e7\u00e3o, que apresentou, em agosto, crescimento de 0,1%, desacelerou, ficando estagnado em setembro. De acordo com a CNI, as horas trabalhadas na produ\u00e7\u00e3o \u201ccresceram em setembro pela primeira vez desde janeiro de 2021, recuperando parte da perda dos meses anteriores\u201d.<\/p>\n<p>A massa salarial real cresceu 0,2% em setembro, na compara\u00e7\u00e3o com agosto, quando havia apresentado alta de 0,7%. \u201cCom isso, a massa salarial real retorna ao n\u00edvel de fevereiro de 2021, mostrando estabilidade do indicador no ano, apesar da volatilidade\u201d, disse a confedera\u00e7\u00e3o.<\/p>\n<p><strong>Estabilidade<\/strong><\/p>\n<p>O rendimento m\u00e9dio real ficou est\u00e1vel. No entanto, de acordo com a CNI, \u201capesar da estabilidade esse m\u00eas, o rendimento m\u00e9dio real vem sofrendo quedas sucessivas ao longo de 2021, e acumula queda de 2,6% entre janeiro e setembro\u201d.<\/p>\n<p>Na avalia\u00e7\u00e3o do gerente de An\u00e1lise Econ\u00f4mica da CNI, Marcelo Azevedo, os dados \u201cainda s\u00e3o positivos no acumulado do ano\u201d.<\/p>\n<p>\u201cNo recorte anual, o emprego cresceu 3,7%, a utiliza\u00e7\u00e3o da capacidade instalada continua acima de 80%, as horas trabalhadas na produ\u00e7\u00e3o cresceram pela primeira vez desde janeiro de 2021 e a massa salarial real se mant\u00e9m est\u00e1vel\u201d, explicou.<\/p>\n<p><span style=\"font-weight: 400;\">Fonte: Ag\u00eancia Brasil <\/span><\/p>\n","protected":false},"excerpt":{"rendered":"<p>Levantamento da Confedera\u00e7\u00e3o Nacional da Ind\u00fastria (CNI) indica uma piora no cen\u00e1rio do setor industrial em setembro, na compara\u00e7\u00e3o com agosto. De acordo com a pesquisa Indicadores Industriais, houve queda em itens como faturamento (1,5%) e utiliza\u00e7\u00e3o da capacidade instalada (0,2 ponto percentual) atingindo a marca de 81,6%. \u00c9 o terceiro recuo seguido do \u00edndice. [&hellip;]<\/p>\n","protected":false},"author":246,"featured_media":190559,"comment_status":"closed","ping_status":"closed","sticky":false,"template":"","format":"standard","meta":{"footnotes":""},"categories":[436,440,261],"tags":[],"class_list":["post-190558","post","type-post","status-publish","format-standard","has-post-thumbnail","hentry","category-destaque-da-semana","category-destaques-do-dia","category-economia"],"_links":{"self":[{"href":"https:\/\/diarioregionaldigital.com.br\/index.php?rest_route=\/wp\/v2\/posts\/190558","targetHints":{"allow":["GET"]}}],"collection":[{"href":"https:\/\/diarioregionaldigital.com.br\/index.php?rest_route=\/wp\/v2\/posts"}],"about":[{"href":"https:\/\/diarioregionaldigital.com.br\/index.php?rest_route=\/wp\/v2\/types\/post"}],"author":[{"embeddable":true,"href":"https:\/\/diarioregionaldigital.com.br\/index.php?rest_route=\/wp\/v2\/users\/246"}],"replies":[{"embeddable":true,"href":"https:\/\/diarioregionaldigital.com.br\/index.php?rest_route=%2Fwp%2Fv2%2Fcomments&post=190558"}],"version-history":[{"count":1,"href":"https:\/\/diarioregionaldigital.com.br\/index.php?rest_route=\/wp\/v2\/posts\/190558\/revisions"}],"predecessor-version":[{"id":190560,"href":"https:\/\/diarioregionaldigital.com.br\/index.php?rest_route=\/wp\/v2\/posts\/190558\/revisions\/190560"}],"wp:featuredmedia":[{"embeddable":true,"href":"https:\/\/diarioregionaldigital.com.br\/index.php?rest_route=\/wp\/v2\/media\/190559"}],"wp:attachment":[{"href":"https:\/\/diarioregionaldigital.com.br\/index.php?rest_route=%2Fwp%2Fv2%2Fmedia&parent=190558"}],"wp:term":[{"taxonomy":"category","embeddable":true,"href":"https:\/\/diarioregionaldigital.com.br\/index.php?rest_route=%2Fwp%2Fv2%2Fcategories&post=190558"},{"taxonomy":"post_tag","embeddable":true,"href":"https:\/\/diarioregionaldigital.com.br\/index.php?rest_route=%2Fwp%2Fv2%2Ftags&post=190558"}],"curies":[{"name":"wp","href":"https:\/\/api.w.org\/{rel}","templated":true}]}}