{"id":190553,"date":"2021-11-04T00:17:02","date_gmt":"2021-11-04T03:17:02","guid":{"rendered":"https:\/\/diarioregionaldigital.com.br\/?p=190553"},"modified":"2021-11-04T00:17:02","modified_gmt":"2021-11-04T03:17:02","slug":"previdencia-municipal-de-descoberto-contrato-no-002-04-11-2021","status":"publish","type":"post","link":"https:\/\/diarioregionaldigital.com.br\/?p=190553","title":{"rendered":"Previd\u00eancia Municipal de Descoberto &#8211; Contrato n\u00ba 002 &#8211; 04\/11\/2021"},"content":{"rendered":"<p style=\"text-align: center;\"><strong>EXTRATO DE CONTRATO<\/strong><\/p>\n<p style=\"text-align: center;\"><strong>PREVIDES &#8211; Instituto de Previd\u00eancia Municipal de Descoberto &#8211; MG.<\/strong><\/p>\n<p style=\"text-align: center;\"><strong>CONTRATO N\u00ba<\/strong>: 002\/2021<\/p>\n<p style=\"text-align: center;\"><strong>DATA<\/strong>: 04\/11\/2021<\/p>\n<p style=\"text-align: center;\"><strong>OBJETO: <\/strong>Contrata\u00e7\u00e3o de empresa especializada na presta\u00e7\u00e3o de servi\u00e7os t\u00e9cnicos de GEST\u00c3O ATUARIAL que engloba o c\u00e1lculo atuarial previdenci\u00e1rio para o exerc\u00edcio de 2021, ano-base 2020, o Relat\u00f3rio de An\u00e1lise das Hip\u00f3teses e a gest\u00e3o atuarial por benef\u00edcio, com aplica\u00e7\u00e3o do processo de rec\u00e1lculo, em atendimento as regras estabelecidas nas Portaria MF n\u00ba 464\/2018, bem como os respectivos relat\u00f3rios, e em conson\u00e2ncia com as orienta\u00e7\u00f5es e especifica\u00e7\u00f5es t\u00e9cnicas definidas nos normativos inerentes \u00e0 mat\u00e9ria.<\/p>\n<p style=\"text-align: center;\"><strong>CONTRATADA<\/strong>: <strong>BRASILIS CONSULTORIA ATUARIAL LTDA.<\/strong><\/p>\n<p style=\"text-align: center;\"><strong>PROCESSO LICITAT\u00d3RIO: <\/strong>DISPENSA DE LICITA\u00c7\u00c3O 002\/2021.<\/p>\n<p style=\"text-align: center;\"><strong>VALOR TOTAL: <\/strong>10.200,00 (dez \u00a0mil e duzentos reais).<\/p>\n<p style=\"text-align: center;\"><strong>VIG\u00caNCIA: <\/strong>12 (doze) meses.<\/p>\n<p style=\"text-align: center;\"><strong>S\u00f4nia Maria de Castro Silveira Pereira<\/strong><\/p>\n<p style=\"text-align: center;\"><strong>Superintendente do PREVIDES<\/strong><\/p>\n","protected":false},"excerpt":{"rendered":"<p>EXTRATO DE CONTRATO PREVIDES &#8211; Instituto de Previd\u00eancia Municipal de Descoberto &#8211; MG. CONTRATO N\u00ba: 002\/2021 DATA: 04\/11\/2021 OBJETO: Contrata\u00e7\u00e3o de empresa especializada na presta\u00e7\u00e3o de servi\u00e7os t\u00e9cnicos de GEST\u00c3O ATUARIAL que engloba o c\u00e1lculo atuarial previdenci\u00e1rio para o exerc\u00edcio de 2021, ano-base 2020, o Relat\u00f3rio de An\u00e1lise das Hip\u00f3teses e a gest\u00e3o atuarial por [&hellip;]<\/p>\n","protected":false},"author":96,"featured_media":0,"comment_status":"closed","ping_status":"closed","sticky":false,"template":"","format":"standard","meta":{"footnotes":""},"categories":[307],"tags":[],"class_list":["post-190553","post","type-post","status-publish","format-standard","hentry","category-editais"],"_links":{"self":[{"href":"https:\/\/diarioregionaldigital.com.br\/index.php?rest_route=\/wp\/v2\/posts\/190553","targetHints":{"allow":["GET"]}}],"collection":[{"href":"https:\/\/diarioregionaldigital.com.br\/index.php?rest_route=\/wp\/v2\/posts"}],"about":[{"href":"https:\/\/diarioregionaldigital.com.br\/index.php?rest_route=\/wp\/v2\/types\/post"}],"author":[{"embeddable":true,"href":"https:\/\/diarioregionaldigital.com.br\/index.php?rest_route=\/wp\/v2\/users\/96"}],"replies":[{"embeddable":true,"href":"https:\/\/diarioregionaldigital.com.br\/index.php?rest_route=%2Fwp%2Fv2%2Fcomments&post=190553"}],"version-history":[{"count":1,"href":"https:\/\/diarioregionaldigital.com.br\/index.php?rest_route=\/wp\/v2\/posts\/190553\/revisions"}],"predecessor-version":[{"id":190554,"href":"https:\/\/diarioregionaldigital.com.br\/index.php?rest_route=\/wp\/v2\/posts\/190553\/revisions\/190554"}],"wp:attachment":[{"href":"https:\/\/diarioregionaldigital.com.br\/index.php?rest_route=%2Fwp%2Fv2%2Fmedia&parent=190553"}],"wp:term":[{"taxonomy":"category","embeddable":true,"href":"https:\/\/diarioregionaldigital.com.br\/index.php?rest_route=%2Fwp%2Fv2%2Fcategories&post=190553"},{"taxonomy":"post_tag","embeddable":true,"href":"https:\/\/diarioregionaldigital.com.br\/index.php?rest_route=%2Fwp%2Fv2%2Ftags&post=190553"}],"curies":[{"name":"wp","href":"https:\/\/api.w.org\/{rel}","templated":true}]}}