{"id":190551,"date":"2021-11-04T00:15:04","date_gmt":"2021-11-04T03:15:04","guid":{"rendered":"https:\/\/diarioregionaldigital.com.br\/?p=190551"},"modified":"2021-11-04T00:15:04","modified_gmt":"2021-11-04T03:15:04","slug":"palavras-comovem-testemunhos-arrastam","status":"publish","type":"post","link":"https:\/\/diarioregionaldigital.com.br\/?p=190551","title":{"rendered":"Palavras Comovem Testemunhos Arrastam"},"content":{"rendered":"<p>Meu caro leitor \u00e9 com alegria que novamente estamos chegando at\u00e9 voc\u00ea para mais uma edi\u00e7\u00e3o de palavras comovem mas testemunhos arrastam. Bem sei de sua expectativa para ler os testemunhos aqui apresentados. Hoje teremos dois belos. Vamos ao primeiro<\/p>\n<p>Bom dia Padre Erelis, a sua b\u00ean\u00e7\u00e3o, sou a Rosangela de Juiz de Fora. \u00c9 com grande alegria que eu venho agradecer ao padre Erelis\u00a0 pelas ora\u00e7\u00f5es feitas S\u00e3o Judas Tadeu pela minha filha que estava desempregada a mais de 3 anos foi na missa de S\u00e3o judas Tadeu do m\u00eas de julho que pedi ao padre Erelis que fizesse uma ora\u00e7\u00e3o para minha filha arrumar um emprego ele rezou e sugeriu que fiz\u00e9ssemos uma novena a S\u00e3o Judas Tadeu pra que ela conseguisse um emprego e assim fizemos\u00a0 terminamos a novena no dia 27 de julho, minha filha disse essa noite sonhei que fui chamada para trabalhar e quando foi no dia 29 ela recebeu um telefonema que era pra come\u00e7ar no dia primeiro de agosto e que seria 45 dias de experi\u00eancia podendo chegar \u00e0 90. E assim foi quando chegou dia 14 de setembro ela completou 45 dias de experi\u00eancia e teve a carteira assinada para honra e gloria de S\u00e3o Judas Tadeu. Obrigado Padre Erelis pela disponibilidade de rezar por n\u00f3s.<\/p>\n<p>Vamos ao segundo testemunho: meu nome \u00e9 Marc\u00edlia, sou de juiz quero agradecer a S\u00e3o Judas Tadeu a gra\u00e7a alcan\u00e7ada pela minha cura da Covid 19.\u00a0 Em dezembro de 2020 fiquei internada\u00a0 no CTI. Quando fazia 5 dias que estava l\u00e1 Minha irm\u00e3 pediu ao padre Erelis uma ora\u00e7\u00e3o por mim, ele rezou as ora\u00e7\u00f5es\u00a0 de s\u00e3o Roque e S\u00e3o Judas Tadeu e disse que eles iriam interceder junto ao Divino Pai Eterno por mim e em breve ficaria curada. Minha irm\u00e3 me disse padre Erelis est\u00e1 rezando por voc\u00ea o m\u00e9dico havia dito que eu n\u00e3o tinha mais chance pois estava com 75% dos pulm\u00f5es tomado pela infec\u00e7\u00e3o, mas eu pensei se o padre Erelis est\u00e1 rezando por mim e disse que eu ficar curada \u00e9 porque vou ficar mesmo. S\u00e3o Judas Tadeu tem mais poder do que a fala do m\u00e9dico. Gra\u00e7as a Deus estou curada e j\u00e1 voltei a trabalhar. Quero louvar e bem dizer ao Divino Pai Eterno, a S\u00e3o Judas Tadeu, a S\u00e3o Roque e ao Padre Erelis por ter intercedido pela minha cura dessa Covid.<\/p>\n<p>Louvado Seja o nome do Senhor nosso Deus agora e para sempre.<\/p>\n<p>Vejam como milagres\u00a0 acontecem! Convido voc\u00ea para participar da missa\u00a0 de S\u00e3o Judas Tadeu das causas imposs\u00edveis clamando a miseric\u00f3rdia de Jesus por sa\u00fade e liberta\u00e7\u00e3o as quartas feiras \u00e0s 19h na igreja de Santa Rita e o ter\u00e7o todos os dias\u00a0 \u00e0s 07h; \u00e0s 20e30 pelo YouTube; Facebook; Instagran do Santu\u00e1rio virtual S\u00e3o Judas Tadeu svsaojudastadeu e \u00e0s 22 pelo Whatzap. com deixo o n\u00famero do meu celular para me ligarem quando precisar de uma ora\u00e7\u00e3o 988652609 se eu\u00a0 n\u00e3o atender na hora eu retornarei assim que eu ver a liba\u00e7\u00e3o<\/p>\n","protected":false},"excerpt":{"rendered":"<p>Meu caro leitor \u00e9 com alegria que novamente estamos chegando at\u00e9 voc\u00ea para mais uma edi\u00e7\u00e3o de palavras comovem mas testemunhos arrastam. Bem sei de sua expectativa para ler os testemunhos aqui apresentados. Hoje teremos dois belos. Vamos ao primeiro Bom dia Padre Erelis, a sua b\u00ean\u00e7\u00e3o, sou a Rosangela de Juiz de Fora. \u00c9 [&hellip;]<\/p>\n","protected":false},"author":96,"featured_media":0,"comment_status":"closed","ping_status":"closed","sticky":false,"template":"","format":"standard","meta":{"footnotes":""},"categories":[1245],"tags":[],"class_list":["post-190551","post","type-post","status-publish","format-standard","hentry","category-padre-erelis"],"_links":{"self":[{"href":"https:\/\/diarioregionaldigital.com.br\/index.php?rest_route=\/wp\/v2\/posts\/190551","targetHints":{"allow":["GET"]}}],"collection":[{"href":"https:\/\/diarioregionaldigital.com.br\/index.php?rest_route=\/wp\/v2\/posts"}],"about":[{"href":"https:\/\/diarioregionaldigital.com.br\/index.php?rest_route=\/wp\/v2\/types\/post"}],"author":[{"embeddable":true,"href":"https:\/\/diarioregionaldigital.com.br\/index.php?rest_route=\/wp\/v2\/users\/96"}],"replies":[{"embeddable":true,"href":"https:\/\/diarioregionaldigital.com.br\/index.php?rest_route=%2Fwp%2Fv2%2Fcomments&post=190551"}],"version-history":[{"count":1,"href":"https:\/\/diarioregionaldigital.com.br\/index.php?rest_route=\/wp\/v2\/posts\/190551\/revisions"}],"predecessor-version":[{"id":190552,"href":"https:\/\/diarioregionaldigital.com.br\/index.php?rest_route=\/wp\/v2\/posts\/190551\/revisions\/190552"}],"wp:attachment":[{"href":"https:\/\/diarioregionaldigital.com.br\/index.php?rest_route=%2Fwp%2Fv2%2Fmedia&parent=190551"}],"wp:term":[{"taxonomy":"category","embeddable":true,"href":"https:\/\/diarioregionaldigital.com.br\/index.php?rest_route=%2Fwp%2Fv2%2Fcategories&post=190551"},{"taxonomy":"post_tag","embeddable":true,"href":"https:\/\/diarioregionaldigital.com.br\/index.php?rest_route=%2Fwp%2Fv2%2Ftags&post=190551"}],"curies":[{"name":"wp","href":"https:\/\/api.w.org\/{rel}","templated":true}]}}