{"id":190545,"date":"2021-11-03T20:25:08","date_gmt":"2021-11-03T23:25:08","guid":{"rendered":"https:\/\/diarioregionaldigital.com.br\/?p=190545"},"modified":"2021-11-03T20:25:08","modified_gmt":"2021-11-03T23:25:08","slug":"guarda-municipal-tem-recorde-de-recolhimento-de-animais-em-outubro","status":"publish","type":"post","link":"https:\/\/diarioregionaldigital.com.br\/?p=190545","title":{"rendered":"Guarda Municipal tem recorde de recolhimento de animais em outubro"},"content":{"rendered":"<p>O m\u00eas de outubro superou todos os meses anteriores em n\u00famero de recolhimento de animais silvestres feitos pela Guarda Municipal. Nos meses de junho, julho e agosto, a m\u00e9dia mensal era de oito animais. Em setembro, houve um salto para 36. J\u00e1 em outubro foram 88 recolhimentos em 46 atendimentos realizados. A maior parte, 81,8% das a\u00e7\u00f5es efetuadas, diz respeito a resgate de gamb\u00e1s. Foram 72 indiv\u00edduos recolhidos, dentre os quais muitos eram filhotes em ninhadas sem a presen\u00e7a da m\u00e3e.<\/p>\n<p>Segundo informa\u00e7\u00f5es do site da Prefeitura de Juiz de Fora, Al\u00e9m destes, cinco macacos, dois gavi\u00f5es, dois urubus, um tatu, uma saracura, uma maritaca, uma cascavel, uma cobra cip\u00f3, uma jararaca e uma serpente foram recolhidos e encaminhados para Centro de Triagem de Animais Silvestres (Cetas) do Instituto Brasileiro de Meio Ambiente (Ibama), onde passaram por avalia\u00e7\u00e3o veterin\u00e1ria, antes de serem reinseridos ao meio ambiente.<\/p>\n<p>A Guarda Municipal alerta a popula\u00e7\u00e3o sobre agress\u00f5es a gamb\u00e1s vistos na \u00e1rea urbana. O grande n\u00famero de filhotes sozinhos leva a crer que a m\u00e3e pode ter sido morta. O per\u00edodo entre setembro e novembro coincide com a \u00e9poca de reprodu\u00e7\u00e3o da esp\u00e9cie, quando as f\u00eameas saem em busca de alimento e, por isso, s\u00e3o vistas com frequ\u00eancia na \u00e1rea urbana, revirando lixo ou rondando resid\u00eancias onde h\u00e1 presen\u00e7a de ra\u00e7\u00e3o e restos que elas possam comer.<\/p>\n<p>Os gamb\u00e1s s\u00e3o animais de h\u00e1bitos noturnos e n\u00e3o representam riscos aos seres humanos. A orienta\u00e7\u00e3o \u00e9 deix\u00e1-los quietos durante o dia, enquanto dormem. Geralmente, eles partem \u00e0 noite por conta pr\u00f3pria. N\u00e3o agrida, nem espante estes animais, eles podem ser atropelados na fuga. Tamb\u00e9m n\u00e3o \u00e9 recomendado mexer na ninhada, para n\u00e3o prejudicar os filhotes.<\/p>\n<p>Maltratar animais \u00e9 crime e pode gerar pris\u00e3o a seu autor. De acordo com a lei de crimes ambientais (Lei 9.605\/1998), a pena para quem mata, persegue ou ca\u00e7a animais da fauna silvestre pode ser de seis meses a um ano de deten\u00e7\u00e3o e multa.<\/p>\n<p>Caso encontre um animal silvestre ferido ou em situa\u00e7\u00e3o de perigo, a popula\u00e7\u00e3o deve acionar a equipe de Prote\u00e7\u00e3o Ambiental da Guarda Municipal, pelo telefone 153, no hor\u00e1rio das 8h \u00e0s 18h. A atividade acontece paralelamente \u00e0s demais a\u00e7\u00f5es das equipes, por esta raz\u00e3o o atendimento segue alguns crit\u00e9rios de triagem.<\/p>\n","protected":false},"excerpt":{"rendered":"<p>O m\u00eas de outubro superou todos os meses anteriores em n\u00famero de recolhimento de animais silvestres feitos pela Guarda Municipal. Nos meses de junho, julho e agosto, a m\u00e9dia mensal era de oito animais. Em setembro, houve um salto para 36. J\u00e1 em outubro foram 88 recolhimentos em 46 atendimentos realizados. A maior parte, 81,8% [&hellip;]<\/p>\n","protected":false},"author":246,"featured_media":190546,"comment_status":"closed","ping_status":"closed","sticky":false,"template":"","format":"standard","meta":{"footnotes":""},"categories":[253,436],"tags":[],"class_list":["post-190545","post","type-post","status-publish","format-standard","has-post-thumbnail","hentry","category-cidade","category-destaque-da-semana"],"_links":{"self":[{"href":"https:\/\/diarioregionaldigital.com.br\/index.php?rest_route=\/wp\/v2\/posts\/190545","targetHints":{"allow":["GET"]}}],"collection":[{"href":"https:\/\/diarioregionaldigital.com.br\/index.php?rest_route=\/wp\/v2\/posts"}],"about":[{"href":"https:\/\/diarioregionaldigital.com.br\/index.php?rest_route=\/wp\/v2\/types\/post"}],"author":[{"embeddable":true,"href":"https:\/\/diarioregionaldigital.com.br\/index.php?rest_route=\/wp\/v2\/users\/246"}],"replies":[{"embeddable":true,"href":"https:\/\/diarioregionaldigital.com.br\/index.php?rest_route=%2Fwp%2Fv2%2Fcomments&post=190545"}],"version-history":[{"count":1,"href":"https:\/\/diarioregionaldigital.com.br\/index.php?rest_route=\/wp\/v2\/posts\/190545\/revisions"}],"predecessor-version":[{"id":190547,"href":"https:\/\/diarioregionaldigital.com.br\/index.php?rest_route=\/wp\/v2\/posts\/190545\/revisions\/190547"}],"wp:featuredmedia":[{"embeddable":true,"href":"https:\/\/diarioregionaldigital.com.br\/index.php?rest_route=\/wp\/v2\/media\/190546"}],"wp:attachment":[{"href":"https:\/\/diarioregionaldigital.com.br\/index.php?rest_route=%2Fwp%2Fv2%2Fmedia&parent=190545"}],"wp:term":[{"taxonomy":"category","embeddable":true,"href":"https:\/\/diarioregionaldigital.com.br\/index.php?rest_route=%2Fwp%2Fv2%2Fcategories&post=190545"},{"taxonomy":"post_tag","embeddable":true,"href":"https:\/\/diarioregionaldigital.com.br\/index.php?rest_route=%2Fwp%2Fv2%2Ftags&post=190545"}],"curies":[{"name":"wp","href":"https:\/\/api.w.org\/{rel}","templated":true}]}}