{"id":190541,"date":"2021-11-03T20:23:03","date_gmt":"2021-11-03T23:23:03","guid":{"rendered":"https:\/\/diarioregionaldigital.com.br\/?p=190541"},"modified":"2021-11-03T20:23:03","modified_gmt":"2021-11-03T23:23:03","slug":"smu-realiza-servicos-de-sinalizacao-em-torno-do-viaduto","status":"publish","type":"post","link":"https:\/\/diarioregionaldigital.com.br\/?p=190541","title":{"rendered":"SMU realiza servi\u00e7os de sinaliza\u00e7\u00e3o em torno do viaduto"},"content":{"rendered":"<p>A Secretaria de Mobilidade Urbana (SMU) da Prefeitura de Juiz de Fora (PJF) realiza entre quarta e sexta-feira, dias 3 a 5, o servi\u00e7o de sinaliza\u00e7\u00e3o horizontal e vertical na Avenida Francisco Bernardino, devido \u00e0 finaliza\u00e7\u00e3o da nova pavimenta\u00e7\u00e3o asf\u00e1ltica da via, entre as ruas Halfeld e Francisco Maia, que faz parte das obras de constru\u00e7\u00e3o do viaduto Arquiteto H\u00e9lio F\u00e1del Ara\u00fajo.<\/p>\n<p>Segundo informa\u00e7\u00f5es do site da Prefeitura de Juiz de Fora, a equipe da SMU atuar\u00e1 tamb\u00e9m essa semana na Rua Jos\u00e9 Calil Ahouagi, com o servi\u00e7o de sinaliza\u00e7\u00e3o horizontal e na Rua S\u00e3o Pancr\u00e1cio, no Bairro S\u00e3o Benedito, com instala\u00e7\u00e3o de sinaliza\u00e7\u00e3o vertical, refor\u00e7ando que, em caso de chuva, os servi\u00e7os podem ser alterados ou adiados por falta de condi\u00e7\u00f5es t\u00e9cnicas.<\/p>\n<p>Ap\u00f3s o t\u00e9rmino das obras do viaduto Arquiteto H\u00e9lio F\u00e1del Ara\u00fajo, haver\u00e1 melhoria de infraestrutura da mobilidade urbana, levando em conta tamb\u00e9m, n\u00e3o s\u00f3 a\u00e7\u00f5es para ve\u00edculos, mas especialmente, a revitaliza\u00e7\u00e3o urban\u00edstica da \u00e1rea, com foco nos pedestres e moradores.<\/p>\n<p>O projeto faz parte das obras de transposi\u00e7\u00e3o rodoferrovi\u00e1ria, com liga\u00e7\u00e3o para os motoristas que vem da Rua Francisco Bernardino e da Rua Floriano Peixoto com acesso \u00e0 Avenida Brasil ou \u00e0 ponte Wilson Cury Jabour J\u00fanior, diminuindo o tempo de liga\u00e7\u00e3o entre o Centro e bairros da Zona Leste.<\/p>\n","protected":false},"excerpt":{"rendered":"<p>A Secretaria de Mobilidade Urbana (SMU) da Prefeitura de Juiz de Fora (PJF) realiza entre quarta e sexta-feira, dias 3 a 5, o servi\u00e7o de sinaliza\u00e7\u00e3o horizontal e vertical na Avenida Francisco Bernardino, devido \u00e0 finaliza\u00e7\u00e3o da nova pavimenta\u00e7\u00e3o asf\u00e1ltica da via, entre as ruas Halfeld e Francisco Maia, que faz parte das obras de [&hellip;]<\/p>\n","protected":false},"author":246,"featured_media":190542,"comment_status":"closed","ping_status":"closed","sticky":false,"template":"","format":"standard","meta":{"footnotes":""},"categories":[253,436],"tags":[],"class_list":["post-190541","post","type-post","status-publish","format-standard","has-post-thumbnail","hentry","category-cidade","category-destaque-da-semana"],"_links":{"self":[{"href":"https:\/\/diarioregionaldigital.com.br\/index.php?rest_route=\/wp\/v2\/posts\/190541","targetHints":{"allow":["GET"]}}],"collection":[{"href":"https:\/\/diarioregionaldigital.com.br\/index.php?rest_route=\/wp\/v2\/posts"}],"about":[{"href":"https:\/\/diarioregionaldigital.com.br\/index.php?rest_route=\/wp\/v2\/types\/post"}],"author":[{"embeddable":true,"href":"https:\/\/diarioregionaldigital.com.br\/index.php?rest_route=\/wp\/v2\/users\/246"}],"replies":[{"embeddable":true,"href":"https:\/\/diarioregionaldigital.com.br\/index.php?rest_route=%2Fwp%2Fv2%2Fcomments&post=190541"}],"version-history":[{"count":2,"href":"https:\/\/diarioregionaldigital.com.br\/index.php?rest_route=\/wp\/v2\/posts\/190541\/revisions"}],"predecessor-version":[{"id":190544,"href":"https:\/\/diarioregionaldigital.com.br\/index.php?rest_route=\/wp\/v2\/posts\/190541\/revisions\/190544"}],"wp:featuredmedia":[{"embeddable":true,"href":"https:\/\/diarioregionaldigital.com.br\/index.php?rest_route=\/wp\/v2\/media\/190542"}],"wp:attachment":[{"href":"https:\/\/diarioregionaldigital.com.br\/index.php?rest_route=%2Fwp%2Fv2%2Fmedia&parent=190541"}],"wp:term":[{"taxonomy":"category","embeddable":true,"href":"https:\/\/diarioregionaldigital.com.br\/index.php?rest_route=%2Fwp%2Fv2%2Fcategories&post=190541"},{"taxonomy":"post_tag","embeddable":true,"href":"https:\/\/diarioregionaldigital.com.br\/index.php?rest_route=%2Fwp%2Fv2%2Ftags&post=190541"}],"curies":[{"name":"wp","href":"https:\/\/api.w.org\/{rel}","templated":true}]}}