{"id":190538,"date":"2021-11-03T20:20:43","date_gmt":"2021-11-03T23:20:43","guid":{"rendered":"https:\/\/diarioregionaldigital.com.br\/?p=190538"},"modified":"2021-11-03T20:20:43","modified_gmt":"2021-11-03T23:20:43","slug":"pjf-realiza-obras-de-acessibilidade-no-paschoal-carlos-magno-e-no-banheiro-do-parque-halfeld","status":"publish","type":"post","link":"https:\/\/diarioregionaldigital.com.br\/?p=190538","title":{"rendered":"PJF realiza obras de acessibilidade no Paschoal Carlos Magno e no banheiro do Parque Halfeld"},"content":{"rendered":"<p>Segundo informa\u00e7\u00f5es do site da Prefeitura de Juiz de Fora, a Prefeitura de Juiz de Fora, atrav\u00e9s do Gabinete de A\u00e7\u00e3o e Di\u00e1logo Comunit\u00e1rio (GADC), concluiu as interven\u00e7\u00f5es no Teatro Paschoal Carlos Magno e est\u00e1 iniciando as obras de demoli\u00e7\u00e3o e constru\u00e7\u00e3o de um novo banheiro no Parque Halfeld, com o objetivo de adequar a acessibilidade dos espa\u00e7os, medida tratada como essencial para a atual gest\u00e3o.<\/p>\n<p>Para a presidente do Conselho Municipal dos Direitos da Pessoa com Defici\u00eancia (CMDPD), Val\u00e9ria Andrade, trata-se de uma a\u00e7\u00e3o hist\u00f3rica, que revigora as for\u00e7as de quem atua em prol desta causa, al\u00e9m de mostrar o comprometimento da atual gest\u00e3o com este tema. \u201cH\u00e1 d\u00e9cadas lut\u00e1vamos judicialmente pela acessibilidade no banheiro do Parque Halfeld, mas sempre alegavam falta de recursos e quest\u00f5es de patrim\u00f4nio cultural. Eu me lembro tamb\u00e9m da nossa felicidade com a inaugura\u00e7\u00e3o do Teatro Paschoal Carlos Magno em 2018, ap\u00f3s anos de espera. Por\u00e9m, infelizmente, essa alegria foi impactada pela falta de acesso ao palco e aos camarins, quest\u00f5es que foram solucionadas na atual gest\u00e3o. N\u00f3s n\u00e3o queremos ser apenas plateia, como tamb\u00e9m temos o direito de ser protagonistas. Por isso estes dois equipamentos p\u00fablicos s\u00e3o t\u00e3o simb\u00f3licos para n\u00f3s, pois nos fazem ter esperan\u00e7a de uma cidade acess\u00edvel para todas e todos\u201d, avaliou.<\/p>\n<p><b>Obras de acessibilidade Teatro Paschoal Carlos Magno<\/b><\/p>\n<p>No Teatro Paschoal Carlos Magno foram realizadas as obras de instala\u00e7\u00e3o de elevador para atendimento dos cinco pavimentos do teatro, plataforma de acesso \u00e0 sala de exposi\u00e7\u00f5es, instala\u00e7\u00e3o de plataforma m\u00f3vel para acesso ao palco e elimina\u00e7\u00e3o de degraus, com custos de R$ 364 mil.<\/p>\n<p><b>Demoli\u00e7\u00e3o e constru\u00e7\u00e3o de banheiros acess\u00edveis no Parque Halfeld<\/b><\/p>\n<p>Al\u00e9m disso, no m\u00eas de outubro, come\u00e7aram as obras de demoli\u00e7\u00e3o da estrutura antiga dos banheiros do Parque Halfeld e da constru\u00e7\u00e3o de uma nova, com acessibilidade, e que garanta o direito de todas e todos ao uso das instala\u00e7\u00f5es, fruto de uma interlocu\u00e7\u00e3o com o Minist\u00e9rio P\u00fablico.<\/p>\n<p>Com os recursos j\u00e1 garantidos desde novembro de 2019 e dispon\u00edveis na Caixa Econ\u00f4mica Federal, com verbas do Financiamento \u00e0 Infraestrutura e ao Saneamento voltado ao Setor P\u00fablico (Finisa), o projeto estava estimado inicialmente em R$ 450 mil, mas quando foi feita a licita\u00e7\u00e3o, o valor final da obra passou a ser de R$ 282 mil.<\/p>\n<p>No projeto ser\u00e3o realizadas obras de constru\u00e7\u00e3o de banheiros que atendam \u00e0s normas de acessibilidade, ocupando o mesmo espa\u00e7o que os banheiros antigos ocupavam, mas sendo elevado \u00e0 altura do Parque Halfeld, n\u00e3o mais ficando no subsolo.<\/p>\n","protected":false},"excerpt":{"rendered":"<p>Segundo informa\u00e7\u00f5es do site da Prefeitura de Juiz de Fora, a Prefeitura de Juiz de Fora, atrav\u00e9s do Gabinete de A\u00e7\u00e3o e Di\u00e1logo Comunit\u00e1rio (GADC), concluiu as interven\u00e7\u00f5es no Teatro Paschoal Carlos Magno e est\u00e1 iniciando as obras de demoli\u00e7\u00e3o e constru\u00e7\u00e3o de um novo banheiro no Parque Halfeld, com o objetivo de adequar a [&hellip;]<\/p>\n","protected":false},"author":246,"featured_media":190539,"comment_status":"closed","ping_status":"closed","sticky":false,"template":"","format":"standard","meta":{"footnotes":""},"categories":[253,436],"tags":[],"class_list":["post-190538","post","type-post","status-publish","format-standard","has-post-thumbnail","hentry","category-cidade","category-destaque-da-semana"],"_links":{"self":[{"href":"https:\/\/diarioregionaldigital.com.br\/index.php?rest_route=\/wp\/v2\/posts\/190538","targetHints":{"allow":["GET"]}}],"collection":[{"href":"https:\/\/diarioregionaldigital.com.br\/index.php?rest_route=\/wp\/v2\/posts"}],"about":[{"href":"https:\/\/diarioregionaldigital.com.br\/index.php?rest_route=\/wp\/v2\/types\/post"}],"author":[{"embeddable":true,"href":"https:\/\/diarioregionaldigital.com.br\/index.php?rest_route=\/wp\/v2\/users\/246"}],"replies":[{"embeddable":true,"href":"https:\/\/diarioregionaldigital.com.br\/index.php?rest_route=%2Fwp%2Fv2%2Fcomments&post=190538"}],"version-history":[{"count":1,"href":"https:\/\/diarioregionaldigital.com.br\/index.php?rest_route=\/wp\/v2\/posts\/190538\/revisions"}],"predecessor-version":[{"id":190540,"href":"https:\/\/diarioregionaldigital.com.br\/index.php?rest_route=\/wp\/v2\/posts\/190538\/revisions\/190540"}],"wp:featuredmedia":[{"embeddable":true,"href":"https:\/\/diarioregionaldigital.com.br\/index.php?rest_route=\/wp\/v2\/media\/190539"}],"wp:attachment":[{"href":"https:\/\/diarioregionaldigital.com.br\/index.php?rest_route=%2Fwp%2Fv2%2Fmedia&parent=190538"}],"wp:term":[{"taxonomy":"category","embeddable":true,"href":"https:\/\/diarioregionaldigital.com.br\/index.php?rest_route=%2Fwp%2Fv2%2Fcategories&post=190538"},{"taxonomy":"post_tag","embeddable":true,"href":"https:\/\/diarioregionaldigital.com.br\/index.php?rest_route=%2Fwp%2Fv2%2Ftags&post=190538"}],"curies":[{"name":"wp","href":"https:\/\/api.w.org\/{rel}","templated":true}]}}