{"id":190521,"date":"2021-11-03T19:48:04","date_gmt":"2021-11-03T22:48:04","guid":{"rendered":"https:\/\/diarioregionaldigital.com.br\/?p=190521"},"modified":"2021-11-03T19:48:04","modified_gmt":"2021-11-03T22:48:04","slug":"hugo-hoyama-deixa-comando-de-selecao-feminina-de-tenis-de-mesa","status":"publish","type":"post","link":"https:\/\/diarioregionaldigital.com.br\/?p=190521","title":{"rendered":"Hugo Hoyama deixa comando de sele\u00e7\u00e3o feminina de t\u00eanis de mesa"},"content":{"rendered":"<p>Nome do t\u00eanis de mesa nacional com mais participa\u00e7\u00f5es ol\u00edmpicas (seis como atleta e duas como t\u00e9cnico), Hugo Hoyama deixou nesta quarta-feira (3) o comando da sele\u00e7\u00e3o feminina adulta, ap\u00f3s oito anos. Em nota, a Confedera\u00e7\u00e3o Brasileira de T\u00eanis de Mesa (CBTM) explicou que o veterano assumir\u00e1 um posto de embaixador da modalidade, atuando em eventos de promo\u00e7\u00e3o do esporte e na detec\u00e7\u00e3o de talentos.<\/p>\n<p>&#8220;Decidi encerrar este ciclo por motivos particulares, familiares. Eu necessitava ficar mais pr\u00f3ximo a eles. Foi um per\u00edodo muito gratificante e de muito aprendizado. Agrade\u00e7o a CBTM pelo convite, ao Jean-Ren\u00e9 Mouni\u00e9 [consultor da entidade, ex-t\u00e9cnico da sele\u00e7\u00e3o e atual treinador de Hugo Calderano, n\u00famero um do pa\u00eds entre os homens], que me ajudou demais, e a todos os t\u00e9cnicos que conviveram comigo&#8221;, afirmou Hoyama, ao site da confedera\u00e7\u00e3o.<\/p>\n<p>Sob comando de Hoyama, a sele\u00e7\u00e3o feminina subiu \u00e0 primeira divis\u00e3o do Campeonato Mundial por equipes (2014) e conquistou duas medalhas de pratas em Jogos Pan-Americanos (2015 e 2019). Ele ainda dirigiu as meninas nas Olimp\u00edadas do Rio de Janeiro e de T\u00f3quio (Jap\u00e3o) &#8211; 2016 e 2021, respectivamente.<\/p>\n<p>&#8220;Se n\u00e3o fosse o trabalho conjunto com as atletas, n\u00e3o ter\u00edamos conseguido. Tenho um carinho especial pela L\u00edgia [Silva, ex-atleta e atualmente t\u00e9cnica das sele\u00e7\u00f5es de base], que me aceitou, escutou e fez o seu melhor. A Gui Lin [jogadora chinesa naturalizada brasileira, que defendeu o pa\u00eds em duas Olimp\u00edadas] treinou comigo por muito tempo e fez muito pelo t\u00eanis de mesa. As meninas que est\u00e3o l\u00e1 e as que v\u00e3o entrar na sele\u00e7\u00e3o podem ter certeza de que estarei torcendo muito e que elas podem conquistar muito mais&#8221;, disse Hoyama.<\/p>\n<p>A CBTM pretende anunciar o novo t\u00e9cnico da equipe feminina at\u00e9 dezembro. Coordenador das sele\u00e7\u00f5es ol\u00edmpicas, Lincon Yasuda ser\u00e1 o respons\u00e1vel pelo grupo no Campeonato Pan-Americano, de 13 a 19 deste m\u00eas, em Lima (Peru). No Mundial individual e de duplas, marcado para Houston (Estados Unidos), entre os pr\u00f3ximos dias 23 a 29, Bruna Takahashi e Carol Kumahara ser\u00e3o orientadas pelo t\u00e9cnico Francisco Arado, o Paco.<\/p>\n<p><span style=\"font-weight: 400;\">Fonte: Ag\u00eancia Brasil <\/span><\/p>\n","protected":false},"excerpt":{"rendered":"<p>Nome do t\u00eanis de mesa nacional com mais participa\u00e7\u00f5es ol\u00edmpicas (seis como atleta e duas como t\u00e9cnico), Hugo Hoyama deixou nesta quarta-feira (3) o comando da sele\u00e7\u00e3o feminina adulta, ap\u00f3s oito anos. Em nota, a Confedera\u00e7\u00e3o Brasileira de T\u00eanis de Mesa (CBTM) explicou que o veterano assumir\u00e1 um posto de embaixador da modalidade, atuando em [&hellip;]<\/p>\n","protected":false},"author":246,"featured_media":190522,"comment_status":"closed","ping_status":"closed","sticky":false,"template":"","format":"standard","meta":{"footnotes":""},"categories":[436,440,257],"tags":[],"class_list":["post-190521","post","type-post","status-publish","format-standard","has-post-thumbnail","hentry","category-destaque-da-semana","category-destaques-do-dia","category-esporte"],"_links":{"self":[{"href":"https:\/\/diarioregionaldigital.com.br\/index.php?rest_route=\/wp\/v2\/posts\/190521","targetHints":{"allow":["GET"]}}],"collection":[{"href":"https:\/\/diarioregionaldigital.com.br\/index.php?rest_route=\/wp\/v2\/posts"}],"about":[{"href":"https:\/\/diarioregionaldigital.com.br\/index.php?rest_route=\/wp\/v2\/types\/post"}],"author":[{"embeddable":true,"href":"https:\/\/diarioregionaldigital.com.br\/index.php?rest_route=\/wp\/v2\/users\/246"}],"replies":[{"embeddable":true,"href":"https:\/\/diarioregionaldigital.com.br\/index.php?rest_route=%2Fwp%2Fv2%2Fcomments&post=190521"}],"version-history":[{"count":1,"href":"https:\/\/diarioregionaldigital.com.br\/index.php?rest_route=\/wp\/v2\/posts\/190521\/revisions"}],"predecessor-version":[{"id":190523,"href":"https:\/\/diarioregionaldigital.com.br\/index.php?rest_route=\/wp\/v2\/posts\/190521\/revisions\/190523"}],"wp:featuredmedia":[{"embeddable":true,"href":"https:\/\/diarioregionaldigital.com.br\/index.php?rest_route=\/wp\/v2\/media\/190522"}],"wp:attachment":[{"href":"https:\/\/diarioregionaldigital.com.br\/index.php?rest_route=%2Fwp%2Fv2%2Fmedia&parent=190521"}],"wp:term":[{"taxonomy":"category","embeddable":true,"href":"https:\/\/diarioregionaldigital.com.br\/index.php?rest_route=%2Fwp%2Fv2%2Fcategories&post=190521"},{"taxonomy":"post_tag","embeddable":true,"href":"https:\/\/diarioregionaldigital.com.br\/index.php?rest_route=%2Fwp%2Fv2%2Ftags&post=190521"}],"curies":[{"name":"wp","href":"https:\/\/api.w.org\/{rel}","templated":true}]}}