{"id":190517,"date":"2021-11-03T15:57:16","date_gmt":"2021-11-03T18:57:16","guid":{"rendered":"https:\/\/diarioregionaldigital.com.br\/?p=190517"},"modified":"2021-11-03T15:57:16","modified_gmt":"2021-11-03T18:57:16","slug":"funed-avalia-novo-cenario-da-pandemia-de-covid-19-em-assintomaticos","status":"publish","type":"post","link":"https:\/\/diarioregionaldigital.com.br\/?p=190517","title":{"rendered":"Funed avalia novo cen\u00e1rio da pandemia de covid-19 em assintom\u00e1ticos"},"content":{"rendered":"<p>Ap\u00f3s um ano e sete meses da pandemia da covid-19, como o v\u00edrus SARS-Cov-2 est\u00e1 se comportando em indiv\u00edduos assintom\u00e1ticos? E entre os indiv\u00edduos vacinados e n\u00e3o vacinados? Essas s\u00e3o algumas das perguntas que motivaram a\u00e7\u00e3o de vigil\u00e2ncia em sa\u00fade do Laborat\u00f3rio Central de Sa\u00fade P\u00fablica da\u00a0<a href=\"http:\/\/www.funed.mg.gov.br\/\" target=\"_blank\" rel=\"noopener\">Funda\u00e7\u00e3o Ezequiel Dias (Lacen-MG\/Funed)<\/a>. A a\u00e7\u00e3o \u00e9 coordenada em parceria com a\u00a0<a href=\"https:\/\/www.saude.mg.gov.br\/\" target=\"_blank\" rel=\"noopener\">Secretaria de Estado de Sa\u00fade de Minas Gerais (SES-MG)<\/a>, a Ag\u00eancia Nacional de Vigil\u00e2ncia Sanit\u00e1ria (Anvisa), o Aeroporto Internacional de Belo Horizonte e a Funda\u00e7\u00e3o Oswaldo Cruz (Fiocruz). A iniciativa tem o apoio da Organiza\u00e7\u00e3o Pan-Americana de Sa\u00fade (Opas), National Institutes of Health (NIH) e Minist\u00e9rio da Sa\u00fade.<\/p>\n<p>De acordo com o chefe do Servi\u00e7o de Virologia e Riquetsioses da Funed, Felipe Iani, esse trabalho \u00e9 importante uma vez que a popula\u00e7\u00e3o vivencia uma nova etapa da pandemia e, neste momento, \u00e9 preciso entender a incid\u00eancia de circula\u00e7\u00e3o do v\u00edrus em pessoas que n\u00e3o apresentam sintomas.<\/p>\n<p>\u201cTemos boa parte da popula\u00e7\u00e3o vacinada, a maioria dos servi\u00e7os j\u00e1 voltou a funcionar em sua totalidade, as interna\u00e7\u00f5es e mortes por covid-19 est\u00e3o em queda e o fluxo das pessoas tamb\u00e9m est\u00e1 sendo retomado. Investigar quais linhagens do v\u00edrus est\u00e3o circulando de acordo com o perfil da popula\u00e7\u00e3o pode nos ajudar a tomar decis\u00f5es em sa\u00fade p\u00fablica mais estrat\u00e9gicas agora e no futuro\u201d, avalia.<\/p>\n<p><strong>Coleta<\/strong><\/p>\n<p>A Funed ficar\u00e1 respons\u00e1vel por enviar profissionais a lugares espec\u00edficos para fazer a coleta das amostras de swab nasal que ser\u00e3o utilizadas para a realiza\u00e7\u00e3o do exame PCR em tempo real, al\u00e9m de, tamb\u00e9m, realizar o sequenciamento das amostras positivas. Os participantes tamb\u00e9m ser\u00e3o convidados a responder um question\u00e1rio. Entre as informa\u00e7\u00f5es a serem respondidas, o volunt\u00e1rio ter\u00e1 que informar a idade, presen\u00e7a de alguma comorbidade, se j\u00e1 teve diagn\u00f3stico de covid-19, se est\u00e1 vacinado e com qual vacina e a data da imuniza\u00e7\u00e3o.<\/p>\n<p>Em Minas Gerais, a princ\u00edpio, quatro munic\u00edpios participar\u00e3o do projeto, por meio de pontos fixos de coleta: Belo Horizonte, Contagem, Pirapora e Montes Claros. Tamb\u00e9m haver\u00e1 um ponto de coleta na \u00e1rea de desembarque do Aeroporto Internacional de Belo Horizonte, em Confins, a partir do dia 3\/11. Felipe explica que todo o processo deve acontecer em um intervalo de 50 dias, pois \u00e9 importante que as amostras sejam colhidas sob as mesmas condi\u00e7\u00f5es epidemiol\u00f3gicas. \u201cSe houver uma varia\u00e7\u00e3o na situa\u00e7\u00e3o da pandemia, isso pode interferir no material que buscamos. Por isso, contaremos com o apoio dos profissionais dos laborat\u00f3rios macrorregionais para realizar as coletas em Pirapora e Montes Claros\u201d, afirma.<\/p>\n<p>Ao todo, devem ser coletadas 10 mil amostras, sendo que o esperado \u00e9 detectar o v\u00edrus em pelo menos 5% dessas amostras. \u201cCom esse quantitativo, esperamos sequenciar pelo menos 200 amostras, uma vez que nem toda amostra positiva \u00e9 poss\u00edvel de ser sequenciada, em virtude da carga viral presente\u201d, explica Felipe Iani.<\/p>\n<p><strong>Estrat\u00e9gias futuras<\/strong><\/p>\n<p>Para a coordenadora de Laborat\u00f3rios e Pesquisa em Vigil\u00e2ncia da SES-MG, Jaqueline Oliveira, as informa\u00e7\u00f5es conseguidas por meio dessa a\u00e7\u00e3o poder\u00e3o ajudar a esclarecer perguntas importantes com rela\u00e7\u00e3o ao cen\u00e1rio atual da pandemia no territ\u00f3rio de Minas Gerais. Com o avan\u00e7o da cobertura vacinal em Minas, que apresenta atualmente mais de 80% da popula\u00e7\u00e3o vacinada com a primeira dose e mais de 50% dos indiv\u00edduos com esquema vacinal completo, o estado tem experimentado o melhor cen\u00e1rio epidemiol\u00f3gico e assistencial desde o in\u00edcio da pandemia, mesmo no momento em que a variante Delta circula em maior propor\u00e7\u00e3o no territ\u00f3rio.<\/p>\n<p>Entretanto, Jaqueline destaca que \u201ca estrat\u00e9gia de vigil\u00e2ncia gen\u00f4mica atual \u00e9 direcionada \u00e0s pessoas sintom\u00e1ticas, ou seja, aquelas que manifestam algum sintoma ou sinal cl\u00ednico da covid-19. Pouco se sabe a respeito da circula\u00e7\u00e3o das variantes do coronav\u00edrus em assintom\u00e1ticos no Brasil. Com o avan\u00e7o da vacina\u00e7\u00e3o, o esperado \u00e9 que a circula\u00e7\u00e3o do v\u00edrus diminua, gerando infec\u00e7\u00f5es com sintomas leves, ou mesmo, sem sintomas. Portanto, essa a\u00e7\u00e3o ser\u00e1 fundamental para identificarmos qual a propor\u00e7\u00e3o de pessoas infectadas na popula\u00e7\u00e3o mineira que n\u00e3o apresentam desenvolvimento de sintomas; se a aus\u00eancia de sintomas nessas pessoas est\u00e1 relacionada ao fato de estarem vacinados, e ainda, se existe alguma variante do coronav\u00edrus associada a esses casos\u201d.<\/p>\n<p>Jaqueline tamb\u00e9m destaca a import\u00e2ncia da participa\u00e7\u00e3o dos volunt\u00e1rios. \u201cAcompanhamos a import\u00e2ncia dos volunt\u00e1rios para o desenvolvimento das vacinas anti-covid 19. Mais uma vez, convocamos a popula\u00e7\u00e3o a participar desse estudo, pois, al\u00e9m de realizar gratuitamente o exame da covid-19, os volunt\u00e1rios tamb\u00e9m estar\u00e3o contribuindo com a gera\u00e7\u00e3o de dados que v\u00e3o subsidiar a vigil\u00e2ncia em sa\u00fade, para que medidas de sa\u00fade p\u00fablica mais eficazes sejam desenvolvidas de acordo com o cen\u00e1rio atual que vivenciamos em Minas Gerais\u201d, afirma.<\/p>\n<p><span style=\"font-weight: 400;\"><br \/>\n<\/span><span style=\"font-weight: 400;\">Fonte: Ag\u00eancia Minas <\/span><\/p>\n","protected":false},"excerpt":{"rendered":"<p>Ap\u00f3s um ano e sete meses da pandemia da covid-19, como o v\u00edrus SARS-Cov-2 est\u00e1 se comportando em indiv\u00edduos assintom\u00e1ticos? E entre os indiv\u00edduos vacinados e n\u00e3o vacinados? Essas s\u00e3o algumas das perguntas que motivaram a\u00e7\u00e3o de vigil\u00e2ncia em sa\u00fade do Laborat\u00f3rio Central de Sa\u00fade P\u00fablica da\u00a0Funda\u00e7\u00e3o Ezequiel Dias (Lacen-MG\/Funed). A a\u00e7\u00e3o \u00e9 coordenada em [&hellip;]<\/p>\n","protected":false},"author":246,"featured_media":190518,"comment_status":"closed","ping_status":"closed","sticky":false,"template":"","format":"standard","meta":{"footnotes":""},"categories":[436,254],"tags":[],"class_list":["post-190517","post","type-post","status-publish","format-standard","has-post-thumbnail","hentry","category-destaque-da-semana","category-politica"],"_links":{"self":[{"href":"https:\/\/diarioregionaldigital.com.br\/index.php?rest_route=\/wp\/v2\/posts\/190517","targetHints":{"allow":["GET"]}}],"collection":[{"href":"https:\/\/diarioregionaldigital.com.br\/index.php?rest_route=\/wp\/v2\/posts"}],"about":[{"href":"https:\/\/diarioregionaldigital.com.br\/index.php?rest_route=\/wp\/v2\/types\/post"}],"author":[{"embeddable":true,"href":"https:\/\/diarioregionaldigital.com.br\/index.php?rest_route=\/wp\/v2\/users\/246"}],"replies":[{"embeddable":true,"href":"https:\/\/diarioregionaldigital.com.br\/index.php?rest_route=%2Fwp%2Fv2%2Fcomments&post=190517"}],"version-history":[{"count":1,"href":"https:\/\/diarioregionaldigital.com.br\/index.php?rest_route=\/wp\/v2\/posts\/190517\/revisions"}],"predecessor-version":[{"id":190519,"href":"https:\/\/diarioregionaldigital.com.br\/index.php?rest_route=\/wp\/v2\/posts\/190517\/revisions\/190519"}],"wp:featuredmedia":[{"embeddable":true,"href":"https:\/\/diarioregionaldigital.com.br\/index.php?rest_route=\/wp\/v2\/media\/190518"}],"wp:attachment":[{"href":"https:\/\/diarioregionaldigital.com.br\/index.php?rest_route=%2Fwp%2Fv2%2Fmedia&parent=190517"}],"wp:term":[{"taxonomy":"category","embeddable":true,"href":"https:\/\/diarioregionaldigital.com.br\/index.php?rest_route=%2Fwp%2Fv2%2Fcategories&post=190517"},{"taxonomy":"post_tag","embeddable":true,"href":"https:\/\/diarioregionaldigital.com.br\/index.php?rest_route=%2Fwp%2Fv2%2Ftags&post=190517"}],"curies":[{"name":"wp","href":"https:\/\/api.w.org\/{rel}","templated":true}]}}